{"id":1342,"date":"2026-03-10T09:06:12","date_gmt":"2026-03-10T12:06:12","guid":{"rendered":"https:\/\/canalsamba.sitetopfm.com.br\/site\/deputado-defende-projeto-que-proibe-uso-de-microesferas-de-plastico-em-cosmeticos-veja-a-entrevista-noticias\/"},"modified":"2026-03-10T09:06:12","modified_gmt":"2026-03-10T12:06:12","slug":"deputado-defende-projeto-que-proibe-uso-de-microesferas-de-plastico-em-cosmeticos-veja-a-entrevista-noticias","status":"publish","type":"post","link":"https:\/\/canalsamba.sitetopfm.com.br\/site\/deputado-defende-projeto-que-proibe-uso-de-microesferas-de-plastico-em-cosmeticos-veja-a-entrevista-noticias\/","title":{"rendered":"Deputado defende projeto que pro\u00edbe uso de microesferas de pl\u00e1stico em cosm\u00e9ticos; veja a entrevista &#8211; Not\u00edcias"},"content":{"rendered":"<p> <br \/>\n<\/p>\n<div>\n<p class=\"g-artigo__data-hora\">\n                      09\/03\/2026 &#8211; 15:12 \u00a0\n                    <\/p>\n<div id=\"video-container-1251563\" class=\"embed-responsive embed-responsive-16by9\" style=\"margin-bottom: 18px;\" data-youtube-id=\"m2hYTe29Eno\">\n<p><em>YouTube<\/em><\/p>\n<p><div class=\"ast-oembed-container \" style=\"height: 100%;\"><iframe title=\"Comiss\u00e3o aprova proibi\u00e7\u00e3o do uso de microesferas de pl\u00e1stico em cosm\u00e9ticos e esfoliantes - 09\/03\/26\" width=\"500\" height=\"281\" src=\"https:\/\/www.youtube.com\/embed\/m2hYTe29Eno?feature=oembed\" frameborder=\"0\" allow=\"accelerometer; autoplay; clipboard-write; encrypted-media; gyroscope; picture-in-picture; web-share\" referrerpolicy=\"strict-origin-when-cross-origin\" allowfullscreen><\/iframe><\/div>\n<\/p><\/div>\n<p>\u00a0<\/p>\n<p>Em entrevista \u00e0 <em>R\u00e1dio C\u00e2mara<\/em> nesta segunda-feira (9), o deputado M\u00e1rio Heringer (PDT-MG) defendeu a aprova\u00e7\u00e3o de projeto que pro\u00edbe microesferas de pl\u00e1stico em cosm\u00e9ticos, como esfoliantes e creme dental (PL 6528\/16). A proposta foi apresentada pelo parlamentar h\u00e1 dez anos, mas s\u00f3 recentemente foi <a href=\"https:\/\/www.camara.leg.br\/noticias\/1247398-COMISSAO-APROVA-PROIBICAO-DO-USO-DE-MICROESFERAS-DE-PLASTICO-EM-COSMETICOS-E-ESFOLIANTES\">aprovada pela Comiss\u00e3o de Constitui\u00e7\u00e3o e Justi\u00e7a (CCJ) da C\u00e2mara.<\/a><\/p>\n<p>Em princ\u00edpio, o texto pode seguir diretamente para o Senado, sem passar pelo Plen\u00e1rio.<\/p>\n<p>Para virar lei, a proposta precisa ser aprovada pela C\u00e2mara e pelo Senado.<\/p>\n<p><strong>Riscos ambientais e \u00e0 sa\u00fade<\/strong><br \/>Heringer refor\u00e7ou os riscos ambientais e \u00e0 sa\u00fade que as microesferas de pl\u00e1stico causam, a partir principalmente da contamina\u00e7\u00e3o de lagos, rios e oceanos.<\/p>\n<p>\u201cEstima-se que um banho com esfoliante jogue 100 mil part\u00edculas no esgoto. Esse esgoto vai para o mar e hoje j\u00e1 se encontram res\u00edduos de micropl\u00e1sticos no corpo humano\u201d, alertou.<\/p>\n<p><strong>Prazo de adapta\u00e7\u00e3o<\/strong><br \/>Pelo texto aprovado, a ind\u00fastria ter\u00e1 12 meses, a partir da publica\u00e7\u00e3o da futura lei, para se adaptar. Inicialmente, o texto previa entre 24 e 36 meses de prazo. Heringer concordou com a mudan\u00e7a.<\/p>\n<p>\u201cJ\u00e1 existe esse movimento mundial, e a nossa ind\u00fastria est\u00e1 a par desses assuntos, e com certeza vai ser mais f\u00e1cil para substitui\u00e7\u00e3o por part\u00edculas biodegrad\u00e1veis. Eu n\u00e3o tenho d\u00favida que 12 meses s\u00e3o mais que suficientes\u201d, disse o deputado.<\/p>\n<p><strong>Economia circular do pl\u00e1stico<\/strong><br \/>No Senado, outra proposta prev\u00ea o incentivo \u00e0 economia circular do pl\u00e1stico (PL 2524\/22), para reduzir a gera\u00e7\u00e3o de res\u00edduos pl\u00e1sticos. Para M\u00e1rio Heringer, a proibi\u00e7\u00e3o das microesferas pode avan\u00e7ar mais rapidamente.<\/p>\n<p>\u201cO uso circular do pl\u00e1stico \u00e9 uma discuss\u00e3o muito mais ampla e mais longa. Se entrar nessa discuss\u00e3o, n\u00f3s vamos demorar&#8221;, alertou. &#8220;Essa discuss\u00e3o \u00e9 fundamental. N\u00f3s estamos, sem perceber, nos envenenando gradativamente\u201d, afirmou.<\/p>\n<p><strong>O que s\u00e3o micropl\u00e1sticos<\/strong><br \/>A proposta de M\u00e1rio Heringer define como microesferas de pl\u00e1stico as part\u00edculas com tamanho inferior a cinco mil\u00edmetros, usadas para limpar, clarear, abrasar ou esfoliar a pele.<\/p>\n<p>Descartadas na rede de esgoto, as microesferas acabam contaminando \u00e1gua e solo, porque passam pelos filtros dos sistemas de tratamento.<\/p>\n<p style=\"font-size: 0.8rem; font-weight: 700;\">Da R\u00e1dio C\u00e2mara<br \/>Edi\u00e7\u00e3o &#8211; Natalia Doederlein<\/p>\n<\/p><\/div>\n<p><br \/>\n<br \/><a href=\"https:\/\/www.camara.leg.br\/noticias\/1251558-deputado-defende-projeto-que-proibe-uso-de-microesferas-de-plastico-em-cosmeticos-veja-a-entrevista\/\">postagem original <\/a><\/p>\n","protected":false},"excerpt":{"rendered":"<p>09\/03\/2026 &#8211; 15:12 \u00a0 YouTube \u00a0 Em entrevista \u00e0 R\u00e1dio C\u00e2mara nesta segunda-feira (9), o deputado M\u00e1rio Heringer (PDT-MG) defendeu [&hellip;]<\/p>\n","protected":false},"author":1,"featured_media":1343,"comment_status":"open","ping_status":"open","sticky":false,"template":"","format":"standard","meta":{"site-sidebar-layout":"default","site-content-layout":"","ast-site-content-layout":"default","site-content-style":"default","site-sidebar-style":"default","ast-global-header-display":"","ast-banner-title-visibility":"","ast-main-header-display":"","ast-hfb-above-header-display":"","ast-hfb-below-header-display":"","ast-hfb-mobile-header-display":"","site-post-title":"","ast-breadcrumbs-content":"","ast-featured-img":"","footer-sml-layout":"","theme-transparent-header-meta":"","adv-header-id-meta":"","stick-header-meta":"","header-above-stick-meta":"","header-main-stick-meta":"","header-below-stick-meta":"","astra-migrate-meta-layouts":"default","ast-page-background-enabled":"default","ast-page-background-meta":{"desktop":{"background-color":"var(--ast-global-color-5)","background-image":"","background-repeat":"repeat","background-position":"center center","background-size":"auto","background-attachment":"scroll","background-type":"","background-media":"","overlay-type":"","overlay-color":"","overlay-opacity":"","overlay-gradient":""},"tablet":{"background-color":"","background-image":"","background-repeat":"repeat","background-position":"center center","background-size":"auto","background-attachment":"scroll","background-type":"","background-media":"","overlay-type":"","overlay-color":"","overlay-opacity":"","overlay-gradient":""},"mobile":{"background-color":"","background-image":"","background-repeat":"repeat","background-position":"center center","background-size":"auto","background-attachment":"scroll","background-type":"","background-media":"","overlay-type":"","overlay-color":"","overlay-opacity":"","overlay-gradient":""}},"ast-content-background-meta":{"desktop":{"background-color":"var(--ast-global-color-4)","background-image":"","background-repeat":"repeat","background-position":"center center","background-size":"auto","background-attachment":"scroll","background-type":"","background-media":"","overlay-type":"","overlay-color":"","overlay-opacity":"","overlay-gradient":""},"tablet":{"background-color":"var(--ast-global-color-4)","background-image":"","background-repeat":"repeat","background-position":"center center","background-size":"auto","background-attachment":"scroll","background-type":"","background-media":"","overlay-type":"","overlay-color":"","overlay-opacity":"","overlay-gradient":""},"mobile":{"background-color":"var(--ast-global-color-4)","background-image":"","background-repeat":"repeat","background-position":"center center","background-size":"auto","background-attachment":"scroll","background-type":"","background-media":"","overlay-type":"","overlay-color":"","overlay-opacity":"","overlay-gradient":""}},"footnotes":""},"categories":[22],"tags":[],"_links":{"self":[{"href":"https:\/\/canalsamba.sitetopfm.com.br\/site\/wp-json\/wp\/v2\/posts\/1342"}],"collection":[{"href":"https:\/\/canalsamba.sitetopfm.com.br\/site\/wp-json\/wp\/v2\/posts"}],"about":[{"href":"https:\/\/canalsamba.sitetopfm.com.br\/site\/wp-json\/wp\/v2\/types\/post"}],"author":[{"embeddable":true,"href":"https:\/\/canalsamba.sitetopfm.com.br\/site\/wp-json\/wp\/v2\/users\/1"}],"replies":[{"embeddable":true,"href":"https:\/\/canalsamba.sitetopfm.com.br\/site\/wp-json\/wp\/v2\/comments?post=1342"}],"version-history":[{"count":0,"href":"https:\/\/canalsamba.sitetopfm.com.br\/site\/wp-json\/wp\/v2\/posts\/1342\/revisions"}],"wp:featuredmedia":[{"embeddable":true,"href":"https:\/\/canalsamba.sitetopfm.com.br\/site\/wp-json\/wp\/v2\/media\/1343"}],"wp:attachment":[{"href":"https:\/\/canalsamba.sitetopfm.com.br\/site\/wp-json\/wp\/v2\/media?parent=1342"}],"wp:term":[{"taxonomy":"category","embeddable":true,"href":"https:\/\/canalsamba.sitetopfm.com.br\/site\/wp-json\/wp\/v2\/categories?post=1342"},{"taxonomy":"post_tag","embeddable":true,"href":"https:\/\/canalsamba.sitetopfm.com.br\/site\/wp-json\/wp\/v2\/tags?post=1342"}],"curies":[{"name":"wp","href":"https:\/\/api.w.org\/{rel}","templated":true}]}}