{"id":1390,"date":"2026-03-10T16:00:48","date_gmt":"2026-03-10T19:00:48","guid":{"rendered":"https:\/\/canalsamba.sitetopfm.com.br\/site\/comissao-aprova-ressarcimento-para-produtor-rural-por-perdas-decorrentes-da-falta-de-luz-noticias\/"},"modified":"2026-03-10T16:00:48","modified_gmt":"2026-03-10T19:00:48","slug":"comissao-aprova-ressarcimento-para-produtor-rural-por-perdas-decorrentes-da-falta-de-luz-noticias","status":"publish","type":"post","link":"https:\/\/canalsamba.sitetopfm.com.br\/site\/comissao-aprova-ressarcimento-para-produtor-rural-por-perdas-decorrentes-da-falta-de-luz-noticias\/","title":{"rendered":"Comiss\u00e3o aprova ressarcimento para produtor rural por perdas decorrentes da falta de luz &#8211; Not\u00edcias"},"content":{"rendered":"<p> <br \/>\n<\/p>\n<div>\n<div>\n<p class=\"g-artigo__data-hora\">\n                      05\/03\/2026 &#8211; 12:04 \u00a0\n                    <\/p>\n<div id=\"image-container-1250623\" class=\"image-container\" style=\"float: none; margin: 45px 0px; width: 100%;\" data-midia=\"1250623\">\n<p><em>Kayo Magalh\u00e3es\/C\u00e2mara dos Deputados<\/em><\/p>\n<p>Ti\u00e3o Medeiros, relator da proposta<\/p>\n<\/p><\/div>\n<p>A Comiss\u00e3o de Agricultura, Pecu\u00e1ria, Abastecimento e Desenvolvimento Rural da C\u00e2mara dos Deputados aprovou o <a class=\"linkProposicao\" href=\"https:\/\/www.camara.leg.br\/noticias\/1084756-proposta-determina-ressarcimento-a-produtor-rural-em-caso-de-perdas-decorrentes-da-falta-de-luz\">Projeto de Lei 1940\/24<\/a>, que determina o ressarcimento dos produtores rurais pela concession\u00e1ria de energia el\u00e9trica quando houver perda de produtos perec\u00edveis por falta de luz.<\/p>\n<p>O relator, deputado Ti\u00e3o Medeiros (PP-PR), recomendou a aprova\u00e7\u00e3o do texto. \u201cA mudan\u00e7a fortalecer\u00e1 os incentivos para a atua\u00e7\u00e3o proativa das distribuidoras, ao mesmo tempo em que responde a uma demanda dos produtores\u201d, disse.<\/p>\n<p>Pela proposta aprovada, o produtor dever\u00e1 apresentar documenta\u00e7\u00e3o t\u00e9cnica comprovando que a perda foi causada pela falta de energia el\u00e9trica. O ressarcimento ser\u00e1 calculado com base no valor de mercado dos itens na regi\u00e3o.<\/p>\n<p><strong>Prazo<\/strong><br \/>O pedido de ressarcimento dever\u00e1 ser dirigido \u00e0 concession\u00e1ria, que ter\u00e1 30 dias para analisar o caso, sob pena de multa. Se a empresa n\u00e3o cumprir o prazo, haver\u00e1 um acr\u00e9scimo de 10% no valor calculado para ressarcimento.<\/p>\n<p>\u201cProdutores rurais de todo o pa\u00eds t\u00eam amargado perdas significativas em raz\u00e3o das quedas recorrentes no fornecimento de energia el\u00e9trica ou das oscila\u00e7\u00f5es na tens\u00e3o da rede\u201d, afirmou o autor da proposta, deputado Marx Beltr\u00e3o (PP-AL).<\/p>\n<p><strong>Pr\u00f3ximos passos<\/strong><br \/>O projeto ainda ser\u00e1 analisado, em <span id=\"4322\" class=\"termoGlossario\" title=\"Rito de tramita\u00e7\u00e3o pelo qual o projeto \u00e9 votado apenas pelas comiss\u00f5es designadas para analis\u00e1-lo, dispensada a delibera\u00e7\u00e3o do Plen\u00e1rio. O projeto perde o car\u00e1ter conclusivo se houver decis\u00e3o divergente entre as comiss\u00f5es ou se, independentemente de ser aprovado ou rejeitado, houver recurso assinado por 52 deputados para a aprecia\u00e7\u00e3o da mat\u00e9ria no Plen\u00e1rio.\" contenteditable=\"false\" data-toggle=\"tooltip\" data-placement=\"top\">car\u00e1ter conclusivo<\/span>, pela Comiss\u00e3o de Constitui\u00e7\u00e3o e Justi\u00e7a e de Cidadania.<\/p>\n<p>Para virar lei, a proposta precisa ser aprovada pela C\u00e2mara e pelo Senado.<\/p>\n<p style=\"font-size: 0.8rem; font-weight: 700;\">Da Reportagem\/RM<br \/>Edi\u00e7\u00e3o \u2013 Marcia Becker<\/p>\n<\/p><\/div>\n<\/p><\/div>\n<p><br \/>\n<br \/><a href=\"https:\/\/www.camara.leg.br\/noticias\/1250569-comissao-aprova-ressarcimento-para-produtor-rural-por-perdas-decorrentes-da-falta-de-luz\/\">postagem original <\/a><\/p>\n","protected":false},"excerpt":{"rendered":"<p>05\/03\/2026 &#8211; 12:04 \u00a0 Kayo Magalh\u00e3es\/C\u00e2mara dos Deputados Ti\u00e3o Medeiros, relator da proposta A Comiss\u00e3o de Agricultura, Pecu\u00e1ria, Abastecimento e [&hellip;]<\/p>\n","protected":false},"author":1,"featured_media":1391,"comment_status":"open","ping_status":"open","sticky":false,"template":"","format":"standard","meta":{"site-sidebar-layout":"default","site-content-layout":"","ast-site-content-layout":"default","site-content-style":"default","site-sidebar-style":"default","ast-global-header-display":"","ast-banner-title-visibility":"","ast-main-header-display":"","ast-hfb-above-header-display":"","ast-hfb-below-header-display":"","ast-hfb-mobile-header-display":"","site-post-title":"","ast-breadcrumbs-content":"","ast-featured-img":"","footer-sml-layout":"","theme-transparent-header-meta":"","adv-header-id-meta":"","stick-header-meta":"","header-above-stick-meta":"","header-main-stick-meta":"","header-below-stick-meta":"","astra-migrate-meta-layouts":"default","ast-page-background-enabled":"default","ast-page-background-meta":{"desktop":{"background-color":"var(--ast-global-color-5)","background-image":"","background-repeat":"repeat","background-position":"center center","background-size":"auto","background-attachment":"scroll","background-type":"","background-media":"","overlay-type":"","overlay-color":"","overlay-opacity":"","overlay-gradient":""},"tablet":{"background-color":"","background-image":"","background-repeat":"repeat","background-position":"center center","background-size":"auto","background-attachment":"scroll","background-type":"","background-media":"","overlay-type":"","overlay-color":"","overlay-opacity":"","overlay-gradient":""},"mobile":{"background-color":"","background-image":"","background-repeat":"repeat","background-position":"center center","background-size":"auto","background-attachment":"scroll","background-type":"","background-media":"","overlay-type":"","overlay-color":"","overlay-opacity":"","overlay-gradient":""}},"ast-content-background-meta":{"desktop":{"background-color":"var(--ast-global-color-4)","background-image":"","background-repeat":"repeat","background-position":"center center","background-size":"auto","background-attachment":"scroll","background-type":"","background-media":"","overlay-type":"","overlay-color":"","overlay-opacity":"","overlay-gradient":""},"tablet":{"background-color":"var(--ast-global-color-4)","background-image":"","background-repeat":"repeat","background-position":"center center","background-size":"auto","background-attachment":"scroll","background-type":"","background-media":"","overlay-type":"","overlay-color":"","overlay-opacity":"","overlay-gradient":""},"mobile":{"background-color":"var(--ast-global-color-4)","background-image":"","background-repeat":"repeat","background-position":"center center","background-size":"auto","background-attachment":"scroll","background-type":"","background-media":"","overlay-type":"","overlay-color":"","overlay-opacity":"","overlay-gradient":""}},"footnotes":""},"categories":[5],"tags":[],"_links":{"self":[{"href":"https:\/\/canalsamba.sitetopfm.com.br\/site\/wp-json\/wp\/v2\/posts\/1390"}],"collection":[{"href":"https:\/\/canalsamba.sitetopfm.com.br\/site\/wp-json\/wp\/v2\/posts"}],"about":[{"href":"https:\/\/canalsamba.sitetopfm.com.br\/site\/wp-json\/wp\/v2\/types\/post"}],"author":[{"embeddable":true,"href":"https:\/\/canalsamba.sitetopfm.com.br\/site\/wp-json\/wp\/v2\/users\/1"}],"replies":[{"embeddable":true,"href":"https:\/\/canalsamba.sitetopfm.com.br\/site\/wp-json\/wp\/v2\/comments?post=1390"}],"version-history":[{"count":0,"href":"https:\/\/canalsamba.sitetopfm.com.br\/site\/wp-json\/wp\/v2\/posts\/1390\/revisions"}],"wp:featuredmedia":[{"embeddable":true,"href":"https:\/\/canalsamba.sitetopfm.com.br\/site\/wp-json\/wp\/v2\/media\/1391"}],"wp:attachment":[{"href":"https:\/\/canalsamba.sitetopfm.com.br\/site\/wp-json\/wp\/v2\/media?parent=1390"}],"wp:term":[{"taxonomy":"category","embeddable":true,"href":"https:\/\/canalsamba.sitetopfm.com.br\/site\/wp-json\/wp\/v2\/categories?post=1390"},{"taxonomy":"post_tag","embeddable":true,"href":"https:\/\/canalsamba.sitetopfm.com.br\/site\/wp-json\/wp\/v2\/tags?post=1390"}],"curies":[{"name":"wp","href":"https:\/\/api.w.org\/{rel}","templated":true}]}}