{"id":1398,"date":"2026-03-10T16:09:03","date_gmt":"2026-03-10T19:09:03","guid":{"rendered":"https:\/\/canalsamba.sitetopfm.com.br\/site\/projeto-cria-diretrizes-para-combater-violencia-institucional-contra-mulheres-no-setor-publico-noticias\/"},"modified":"2026-03-10T16:09:03","modified_gmt":"2026-03-10T19:09:03","slug":"projeto-cria-diretrizes-para-combater-violencia-institucional-contra-mulheres-no-setor-publico-noticias","status":"publish","type":"post","link":"https:\/\/canalsamba.sitetopfm.com.br\/site\/projeto-cria-diretrizes-para-combater-violencia-institucional-contra-mulheres-no-setor-publico-noticias\/","title":{"rendered":"Projeto cria diretrizes para combater viol\u00eancia institucional contra mulheres no setor p\u00fablico &#8211; Not\u00edcias"},"content":{"rendered":"<p> <br \/>\n<\/p>\n<div>\n<div>\n<p class=\"g-artigo__data-hora\">\n                      10\/03\/2026 &#8211; 12:16 \u00a0\n                    <\/p>\n<div id=\"image-container-1251718\" class=\"image-container\" style=\"float: none; margin: 45px 0px; width: 100%;\" data-midia=\"1251718\">\n<p><em>Bruno Spada \/ C\u00e2mara dos Deputados<\/em><\/p>\n<p>Amom Mandel: a proposta fortalece os princ\u00edpios da dignidade e da igualdade<\/p>\n<\/p><\/div>\n<p>O Projeto de Lei 7183\/25 cria diretrizes para prevenir, identificar e enfrentar a viol\u00eancia simb\u00f3lica e institucional contra mulheres no setor p\u00fablico.<\/p>\n<p>Esse tipo de viol\u00eancia inclui condutas, omiss\u00f5es ou formas de linguagens que causem discrimina\u00e7\u00e3o, constrangimento, desrespeito ou nega\u00e7\u00e3o de direitos em raz\u00e3o do g\u00eanero.<\/p>\n<p>A proposta, do deputado Amom Mandel (Cidadania-AM), est\u00e1 em an\u00e1lise na C\u00e2mara.<\/p>\n<p><strong>Diretrizes<\/strong><br \/>Entre as diretrizes previstas est\u00e3o:<\/p>\n<ul>\n<li>a promo\u00e7\u00e3o de um atendimento humanizado e respeitoso nos servi\u00e7os p\u00fablicos;<\/li>\n<li>o combate a estere\u00f3tipos e pr\u00e1ticas discriminat\u00f3rias; e<\/li>\n<li>a capacita\u00e7\u00e3o cont\u00ednua de servidores para garantir o respeito \u00e0 dignidade das mulheres.<\/li>\n<\/ul>\n<p>O objetivo \u00e9 transformar a cultura administrativa para que o Estado ofere\u00e7a um atendimento adequado e livre de preconceitos.<\/p>\n<p><strong>Pr\u00e1ticas recorrentes<\/strong><br \/>Segundo Mandel, essas pr\u00e1ticas ocorrem com frequ\u00eancia no servi\u00e7o p\u00fablico e afetam o acesso das mulheres a direitos.<\/p>\n<p>\u201cEssas condutas, embora muitas vezes naturalizadas, geram impactos significativos na dignidade, na autonomia e no acesso efetivo das mulheres aos seus direitos\u201d, afirma.<\/p>\n<p>O deputado tamb\u00e9m argumenta que a falta de diretrizes claras perpetua atendimentos desumanizados e decis\u00f5es institucionais que ignoram as vulnerabilidades enfrentadas pelas mulheres.<\/p>\n<p><strong>Pr\u00f3ximos passos<br \/><\/strong>O projeto tramita em <span id=\"4322\" class=\"termoGlossario\" title=\"Rito de tramita\u00e7\u00e3o pelo qual o projeto \u00e9 votado apenas pelas comiss\u00f5es designadas para analis\u00e1-lo, dispensada a delibera\u00e7\u00e3o do Plen\u00e1rio. O projeto perde o car\u00e1ter conclusivo se houver decis\u00e3o divergente entre as comiss\u00f5es ou se, independentemente de ser aprovado ou rejeitado, houver recurso assinado por 52 deputados para a aprecia\u00e7\u00e3o da mat\u00e9ria no Plen\u00e1rio.\" contenteditable=\"false\" data-toggle=\"tooltip\" data-placement=\"top\">car\u00e1ter conclusivo<\/span>\u00a0e ser\u00e1 analisado pelas comiss\u00f5es de Administra\u00e7\u00e3o e Servi\u00e7o P\u00fablico; de Defesa dos Direitos da Mulher; de Finan\u00e7as e Tributa\u00e7\u00e3o; e de Constitui\u00e7\u00e3o e Justi\u00e7a e de Cidadania.<\/p>\n<p>Para virar lei, a proposta precisa ser aprovada pela C\u00e2mara e pelo Senado.<\/p>\n<p>\u00a0<\/p>\n<p>\u00a0<\/p>\n<p>        <iframe class=\"infografico-container\" style=\"width: 100%; height: 100%;\" src=\"https:\/\/www.camara.leg.br\/internet\/agencia\/infograficos-html5\/violencia-contra-a-mulher-no-brasil-em-2024\/index.html\" frameborder=\"0\" data-mce-fragment=\"1\"><\/iframe><\/p>\n<p>\u00a0<\/p>\n<p>\u00a0<\/p>\n<p style=\"font-size: 0.8rem; font-weight: 700;\">Reportagem \u2013 Natalia Doederlein<br \/>Edi\u00e7\u00e3o \u2013 Marcia Becker<\/p>\n<\/p><\/div>\n<\/p><\/div>\n<p><br \/>\n<br \/><a href=\"https:\/\/www.camara.leg.br\/noticias\/1251710-projeto-cria-diretrizes-para-combater-violencia-institucional-contra-mulheres-no-setor-publico\/\">postagem original <\/a><\/p>\n","protected":false},"excerpt":{"rendered":"<p>10\/03\/2026 &#8211; 12:16 \u00a0 Bruno Spada \/ C\u00e2mara dos Deputados Amom Mandel: a proposta fortalece os princ\u00edpios da dignidade e [&hellip;]<\/p>\n","protected":false},"author":1,"featured_media":1399,"comment_status":"open","ping_status":"open","sticky":false,"template":"","format":"standard","meta":{"site-sidebar-layout":"default","site-content-layout":"","ast-site-content-layout":"default","site-content-style":"default","site-sidebar-style":"default","ast-global-header-display":"","ast-banner-title-visibility":"","ast-main-header-display":"","ast-hfb-above-header-display":"","ast-hfb-below-header-display":"","ast-hfb-mobile-header-display":"","site-post-title":"","ast-breadcrumbs-content":"","ast-featured-img":"","footer-sml-layout":"","theme-transparent-header-meta":"","adv-header-id-meta":"","stick-header-meta":"","header-above-stick-meta":"","header-main-stick-meta":"","header-below-stick-meta":"","astra-migrate-meta-layouts":"default","ast-page-background-enabled":"default","ast-page-background-meta":{"desktop":{"background-color":"var(--ast-global-color-5)","background-image":"","background-repeat":"repeat","background-position":"center center","background-size":"auto","background-attachment":"scroll","background-type":"","background-media":"","overlay-type":"","overlay-color":"","overlay-opacity":"","overlay-gradient":""},"tablet":{"background-color":"","background-image":"","background-repeat":"repeat","background-position":"center center","background-size":"auto","background-attachment":"scroll","background-type":"","background-media":"","overlay-type":"","overlay-color":"","overlay-opacity":"","overlay-gradient":""},"mobile":{"background-color":"","background-image":"","background-repeat":"repeat","background-position":"center center","background-size":"auto","background-attachment":"scroll","background-type":"","background-media":"","overlay-type":"","overlay-color":"","overlay-opacity":"","overlay-gradient":""}},"ast-content-background-meta":{"desktop":{"background-color":"var(--ast-global-color-4)","background-image":"","background-repeat":"repeat","background-position":"center center","background-size":"auto","background-attachment":"scroll","background-type":"","background-media":"","overlay-type":"","overlay-color":"","overlay-opacity":"","overlay-gradient":""},"tablet":{"background-color":"var(--ast-global-color-4)","background-image":"","background-repeat":"repeat","background-position":"center center","background-size":"auto","background-attachment":"scroll","background-type":"","background-media":"","overlay-type":"","overlay-color":"","overlay-opacity":"","overlay-gradient":""},"mobile":{"background-color":"var(--ast-global-color-4)","background-image":"","background-repeat":"repeat","background-position":"center center","background-size":"auto","background-attachment":"scroll","background-type":"","background-media":"","overlay-type":"","overlay-color":"","overlay-opacity":"","overlay-gradient":""}},"footnotes":""},"categories":[19],"tags":[],"_links":{"self":[{"href":"https:\/\/canalsamba.sitetopfm.com.br\/site\/wp-json\/wp\/v2\/posts\/1398"}],"collection":[{"href":"https:\/\/canalsamba.sitetopfm.com.br\/site\/wp-json\/wp\/v2\/posts"}],"about":[{"href":"https:\/\/canalsamba.sitetopfm.com.br\/site\/wp-json\/wp\/v2\/types\/post"}],"author":[{"embeddable":true,"href":"https:\/\/canalsamba.sitetopfm.com.br\/site\/wp-json\/wp\/v2\/users\/1"}],"replies":[{"embeddable":true,"href":"https:\/\/canalsamba.sitetopfm.com.br\/site\/wp-json\/wp\/v2\/comments?post=1398"}],"version-history":[{"count":0,"href":"https:\/\/canalsamba.sitetopfm.com.br\/site\/wp-json\/wp\/v2\/posts\/1398\/revisions"}],"wp:featuredmedia":[{"embeddable":true,"href":"https:\/\/canalsamba.sitetopfm.com.br\/site\/wp-json\/wp\/v2\/media\/1399"}],"wp:attachment":[{"href":"https:\/\/canalsamba.sitetopfm.com.br\/site\/wp-json\/wp\/v2\/media?parent=1398"}],"wp:term":[{"taxonomy":"category","embeddable":true,"href":"https:\/\/canalsamba.sitetopfm.com.br\/site\/wp-json\/wp\/v2\/categories?post=1398"},{"taxonomy":"post_tag","embeddable":true,"href":"https:\/\/canalsamba.sitetopfm.com.br\/site\/wp-json\/wp\/v2\/tags?post=1398"}],"curies":[{"name":"wp","href":"https:\/\/api.w.org\/{rel}","templated":true}]}}