{"id":1408,"date":"2026-03-10T17:36:22","date_gmt":"2026-03-10T20:36:22","guid":{"rendered":"https:\/\/canalsamba.sitetopfm.com.br\/site\/frente-parlamentar-mista-vai-acompanhar-execucao-do-acordo-entre-mercosul-e-uniao-europeia-noticias\/"},"modified":"2026-03-10T17:36:22","modified_gmt":"2026-03-10T20:36:22","slug":"frente-parlamentar-mista-vai-acompanhar-execucao-do-acordo-entre-mercosul-e-uniao-europeia-noticias","status":"publish","type":"post","link":"https:\/\/canalsamba.sitetopfm.com.br\/site\/frente-parlamentar-mista-vai-acompanhar-execucao-do-acordo-entre-mercosul-e-uniao-europeia-noticias\/","title":{"rendered":"Frente Parlamentar Mista vai acompanhar execu\u00e7\u00e3o do acordo entre Mercosul e Uni\u00e3o Europeia &#8211; Not\u00edcias"},"content":{"rendered":"<p> <br \/>\n<\/p>\n<div>\n<p class=\"g-artigo__data-hora\">\n                      04\/03\/2026 &#8211; 18:52 \u00a0\n                    <\/p>\n<div id=\"image-container-1250405\" class=\"image-container\" style=\"float: none; margin: 45px 0px; width: 100%;\" data-midia=\"1250405\">\n<p><em>Renato Ara\u00fajo\/C\u00e2mara dos Deputados<\/em><\/p>\n<p>Marangoni (ao microfone) durante a instala\u00e7\u00e3o da Frente Parlamentar Mista<\/p>\n<\/p><\/div>\n<p>Foi instalada nesta quarta-feira (4) a Frente Parlamentar Mista em apoio \u00e0 Integra\u00e7\u00e3o Uni\u00e3o Europeia (UE)\u2013Mercosul. O grupo de 210 deputados e senadores vai acompanhar de perto aspectos t\u00e9cnicos, pol\u00edticos e legislativos do acordo comercial firmado entre os dois blocos. O documento prev\u00ea a redu\u00e7\u00e3o gradual de impostos de importa\u00e7\u00e3o para bens e servi\u00e7os.<\/p>\n<p>Ap\u00f3s 27 anos de negocia\u00e7\u00f5es, o governo federal projeta a ratifica\u00e7\u00e3o dos termos do acordo em mar\u00e7o, com in\u00edcio da vig\u00eancia em maio. A C\u00e2mara dos Deputados aprovou a proposta \u2013 Projeto de Decreto Legislativo (PDL) 41\/26 \u2013 no fim de fevereiro; o Senado, nesta quarta-feira. Uruguai e Argentina j\u00e1 aprovaram a medida internamente, e Paraguai deve vot\u00e1-la em breve.<\/p>\n<p>Na pr\u00e1tica, o acordo cria uma das maiores \u00e1reas de livre com\u00e9rcio do mundo, envolvendo cerca de 718 milh\u00f5es de pessoas e um PIB estimado em US$ 22 trilh\u00f5es, em um contexto de tens\u00f5es geopol\u00edticas e incertezas no com\u00e9rcio global.<\/p>\n<p>Entre os pontos centrais, destacam-se ganhos imediatos para a ind\u00fastria, com impostos zerados para setores como m\u00e1quinas, aeronaves e produtos qu\u00edmicos. Na agropecu\u00e1ria, haver\u00e1 limites de importa\u00e7\u00e3o para produtos sens\u00edveis, como carnes e a\u00e7\u00facar, al\u00e9m de salvaguardas que permitem a reintrodu\u00e7\u00e3o tempor\u00e1ria de tarifas em casos espec\u00edficos.<\/p>\n<p><strong>Acordo de Paris<\/strong><br \/>O acordo tamb\u00e9m estabelece compromissos ambientais obrigat\u00f3rios, ligando o com\u00e9rcio \u00e0 prote\u00e7\u00e3o contra o desmatamento ilegal e ao cumprimento do Acordo de Paris. No setor de servi\u00e7os, haver\u00e1 redu\u00e7\u00e3o de barreiras para investimentos estrangeiros, enquanto empresas do Mercosul passar\u00e3o a ter o direito de disputar licita\u00e7\u00f5es p\u00fablicas em solo europeu. O documento prev\u00ea ainda maior prote\u00e7\u00e3o \u00e0 propriedade intelectual e medidas para incluir pequenas e m\u00e9dias empresas.<\/p>\n<p>No evento de lan\u00e7amento da frente parlamentar, no Sal\u00e3o Negro da C\u00e2mara dos Deputados, o deputado Marangoni (Uni\u00e3o-SP), que vai coordenar os trabalhos, frisou que o objetivo agora \u00e9 viabilizar a fase de aplica\u00e7\u00e3o provis\u00f3ria do acordo. Ele lembrou o cen\u00e1rio internacional atual, com guerra na Ucr\u00e2nia e tens\u00f5es no Oriente M\u00e9dio, e afirmou que o momento \u00e9 de reorganiza\u00e7\u00e3o das cadeias mundiais de suprimento e energia.<\/p>\n<p>\u201cO com\u00e9rcio internacional tornou-se um instrumento de poder pol\u00edtico. E \u00e9 nesse contexto que a decis\u00e3o da Comiss\u00e3o Europeia de avan\u00e7ar com a aplica\u00e7\u00e3o provis\u00f3ria do pilar comercial do acordo Uni\u00e3o Europeia-Mercosul altera o eixo do neg\u00f3cio. O acordo deixou de ser hip\u00f3tese futura para se tornar realidade operacional\u201d, pontuou.<\/p>\n<p>A aplica\u00e7\u00e3o provis\u00f3ria do acordo UE\u2011Mercosul consiste em fazer vigorar, de forma parcial e tempor\u00e1ria, algumas cl\u00e1usulas comerciais \u2013 principalmente as relativas \u00e0 redu\u00e7\u00e3o de tarifas e facilita\u00e7\u00e3o de com\u00e9rcio \u2013 entre a Uni\u00e3o Europeia e pa\u00edses do Mercosul que j\u00e1 conclu\u00edram seus processos internos de ratifica\u00e7\u00e3o.<\/p>\n<p>\u00a0<\/p>\n<div id=\"video-container-1251408\" class=\"embed-responsive embed-responsive-16by9\" style=\"margin-bottom: 18px;\" data-youtube-id=\"Jo_yaJxVKVk\">\n<p><em>YouTube<\/em><\/p>\n<p><div class=\"ast-oembed-container \" style=\"height: 100%;\"><iframe title=\"Frente parlamentar vai fiscalizar acordo entre Mercosul e Uni\u00e3o Europ\u00e9ia - 06\/03\/2026\" width=\"500\" height=\"281\" src=\"https:\/\/www.youtube.com\/embed\/Jo_yaJxVKVk?feature=oembed\" frameborder=\"0\" allow=\"accelerometer; autoplay; clipboard-write; encrypted-media; gyroscope; picture-in-picture; web-share\" referrerpolicy=\"strict-origin-when-cross-origin\" allowfullscreen><\/iframe><\/div>\n<\/p><\/div>\n<p>\u00a0<\/p>\n<p><strong>Batalha jur\u00eddica<\/strong><br \/>Embora o bloco europeu busque aplicar o acordo provisoriamente para acelerar os benef\u00edcios comerciais, a ratifica\u00e7\u00e3o completa segue paralisada por quest\u00f5es de prote\u00e7\u00e3o agr\u00edcola e ambiental. O texto enfrenta atualmente uma batalha jur\u00eddica na justi\u00e7a europeia que pode durar at\u00e9 dois anos.<\/p>\n<p>Marangoni, por fim, disse que o papel de deputados e senadores ser\u00e1 acompanhar a aplica\u00e7\u00e3o definitiva do acordo. \u00a0\u201cA frente parlamentar assume compromisso de acompanhar a implementa\u00e7\u00e3o e exigir governan\u00e7a coordenada, de fortalecer instrumentos de defesa comercial, de estruturar apoio \u00e0s pequenas e m\u00e9dias empresas e de assegurar uma transi\u00e7\u00e3o inteligente para setores sens\u00edveis. O acordo precisa ajudar o desenvolvimento concreto, n\u00e3o apenas as estat\u00edsticas positivas\u201d, concluiu.<\/p>\n<p>Em 2025, a UE se consolidou como o segundo maior parceiro comercial do Brasil, atr\u00e1s apenas da China, movimentando 100 bilh\u00f5es de d\u00f3lares, com leve super\u00e1vit para os europeus. J\u00e1 o perfil das exporta\u00e7\u00f5es brasileiras para a UE apresenta inclina\u00e7\u00e3o tecnol\u00f3gica e industrial, com a ind\u00fastria de transforma\u00e7\u00e3o liderando as vendas (47,4%) com aeronaves e produtos qu\u00edmicos, seguida pelos setores extrativo e agropecu\u00e1rio, com caf\u00e9, min\u00e9rios e farelo de soja.<\/p>\n<p>\u00a0<\/p>\n<p>        <iframe class=\"infografico-container\" style=\"width: 100%; height: 100%;\" src=\"https:\/\/www.camara.leg.br\/internet\/agencia\/infograficos-html5\/principais-pontos-do-acordo-mercosul-uniao-europeia\/index.html\" frameborder=\"0\" data-mce-fragment=\"1\"><\/iframe><\/p>\n<p>\u00a0<\/p>\n<p style=\"font-size: 0.8rem; font-weight: 700;\">Reportagem \u2013 Murilo Souza <br \/>Edi\u00e7\u00e3o \u2013 Roberto Seabra<\/p>\n<\/p><\/div>\n<p><br \/>\n<br \/><a href=\"https:\/\/www.camara.leg.br\/noticias\/1250382-frente-parlamentar-mista-vai-acompanhar-execucao-do-acordo-entre-mercosul-e-uniao-europeia\/\">postagem original <\/a><\/p>\n","protected":false},"excerpt":{"rendered":"<p>04\/03\/2026 &#8211; 18:52 \u00a0 Renato Ara\u00fajo\/C\u00e2mara dos Deputados Marangoni (ao microfone) durante a instala\u00e7\u00e3o da Frente Parlamentar Mista Foi instalada [&hellip;]<\/p>\n","protected":false},"author":1,"featured_media":1409,"comment_status":"open","ping_status":"open","sticky":false,"template":"","format":"standard","meta":{"site-sidebar-layout":"default","site-content-layout":"","ast-site-content-layout":"default","site-content-style":"default","site-sidebar-style":"default","ast-global-header-display":"","ast-banner-title-visibility":"","ast-main-header-display":"","ast-hfb-above-header-display":"","ast-hfb-below-header-display":"","ast-hfb-mobile-header-display":"","site-post-title":"","ast-breadcrumbs-content":"","ast-featured-img":"","footer-sml-layout":"","theme-transparent-header-meta":"","adv-header-id-meta":"","stick-header-meta":"","header-above-stick-meta":"","header-main-stick-meta":"","header-below-stick-meta":"","astra-migrate-meta-layouts":"default","ast-page-background-enabled":"default","ast-page-background-meta":{"desktop":{"background-color":"var(--ast-global-color-5)","background-image":"","background-repeat":"repeat","background-position":"center center","background-size":"auto","background-attachment":"scroll","background-type":"","background-media":"","overlay-type":"","overlay-color":"","overlay-opacity":"","overlay-gradient":""},"tablet":{"background-color":"","background-image":"","background-repeat":"repeat","background-position":"center center","background-size":"auto","background-attachment":"scroll","background-type":"","background-media":"","overlay-type":"","overlay-color":"","overlay-opacity":"","overlay-gradient":""},"mobile":{"background-color":"","background-image":"","background-repeat":"repeat","background-position":"center center","background-size":"auto","background-attachment":"scroll","background-type":"","background-media":"","overlay-type":"","overlay-color":"","overlay-opacity":"","overlay-gradient":""}},"ast-content-background-meta":{"desktop":{"background-color":"var(--ast-global-color-4)","background-image":"","background-repeat":"repeat","background-position":"center center","background-size":"auto","background-attachment":"scroll","background-type":"","background-media":"","overlay-type":"","overlay-color":"","overlay-opacity":"","overlay-gradient":""},"tablet":{"background-color":"var(--ast-global-color-4)","background-image":"","background-repeat":"repeat","background-position":"center center","background-size":"auto","background-attachment":"scroll","background-type":"","background-media":"","overlay-type":"","overlay-color":"","overlay-opacity":"","overlay-gradient":""},"mobile":{"background-color":"var(--ast-global-color-4)","background-image":"","background-repeat":"repeat","background-position":"center center","background-size":"auto","background-attachment":"scroll","background-type":"","background-media":"","overlay-type":"","overlay-color":"","overlay-opacity":"","overlay-gradient":""}},"footnotes":""},"categories":[23],"tags":[],"_links":{"self":[{"href":"https:\/\/canalsamba.sitetopfm.com.br\/site\/wp-json\/wp\/v2\/posts\/1408"}],"collection":[{"href":"https:\/\/canalsamba.sitetopfm.com.br\/site\/wp-json\/wp\/v2\/posts"}],"about":[{"href":"https:\/\/canalsamba.sitetopfm.com.br\/site\/wp-json\/wp\/v2\/types\/post"}],"author":[{"embeddable":true,"href":"https:\/\/canalsamba.sitetopfm.com.br\/site\/wp-json\/wp\/v2\/users\/1"}],"replies":[{"embeddable":true,"href":"https:\/\/canalsamba.sitetopfm.com.br\/site\/wp-json\/wp\/v2\/comments?post=1408"}],"version-history":[{"count":0,"href":"https:\/\/canalsamba.sitetopfm.com.br\/site\/wp-json\/wp\/v2\/posts\/1408\/revisions"}],"wp:featuredmedia":[{"embeddable":true,"href":"https:\/\/canalsamba.sitetopfm.com.br\/site\/wp-json\/wp\/v2\/media\/1409"}],"wp:attachment":[{"href":"https:\/\/canalsamba.sitetopfm.com.br\/site\/wp-json\/wp\/v2\/media?parent=1408"}],"wp:term":[{"taxonomy":"category","embeddable":true,"href":"https:\/\/canalsamba.sitetopfm.com.br\/site\/wp-json\/wp\/v2\/categories?post=1408"},{"taxonomy":"post_tag","embeddable":true,"href":"https:\/\/canalsamba.sitetopfm.com.br\/site\/wp-json\/wp\/v2\/tags?post=1408"}],"curies":[{"name":"wp","href":"https:\/\/api.w.org\/{rel}","templated":true}]}}