{"id":1892,"date":"2026-03-20T20:38:59","date_gmt":"2026-03-20T23:38:59","guid":{"rendered":"https:\/\/canalsamba.sitetopfm.com.br\/site\/sessao-na-camara-marca-dia-da-sindrome-de-down-e-reforca-combate-a-exclusao-noticias\/"},"modified":"2026-03-20T20:38:59","modified_gmt":"2026-03-20T23:38:59","slug":"sessao-na-camara-marca-dia-da-sindrome-de-down-e-reforca-combate-a-exclusao-noticias","status":"publish","type":"post","link":"https:\/\/canalsamba.sitetopfm.com.br\/site\/sessao-na-camara-marca-dia-da-sindrome-de-down-e-reforca-combate-a-exclusao-noticias\/","title":{"rendered":"Sess\u00e3o na C\u00e2mara marca Dia da S\u00edndrome de Down e refor\u00e7a combate \u00e0 exclus\u00e3o &#8211; Not\u00edcias"},"content":{"rendered":"<p> <br \/>\n<\/p>\n<div>\n<p class=\"g-artigo__data-hora\">\n                      20\/03\/2026 &#8211; 18:01 \u00a0\n                    <\/p>\n<div id=\"image-container-1256359\" class=\"image-container\" style=\"float: none; margin: 45px 0px; width: 100%;\" data-midia=\"1256359\">\n<p><em>Kayo Magalh\u00e3es \/ C\u00e2mara dos Deputados<\/em><\/p>\n<p>Durante a sess\u00e3o, pessoas com s\u00edndrome de Down ocuparam a mesa do plen\u00e1rio<\/p>\n<\/p><\/div>\n<p>A C\u00e2mara dos Deputados realizou, nesta sexta-feira (20), uma sess\u00e3o solene em homenagem ao Dia Internacional da S\u00edndrome de Down. O evento destacou a necessidade de ampliar a inclus\u00e3o e combater a solid\u00e3o de pessoas com defici\u00eancia.<\/p>\n<p>Com o lema \u201cAmizade, acolhimento e inclus\u00e3o: X\u00f4 solid\u00e3o\u201d, parlamentares e representantes da sociedade civil defenderam pol\u00edticas p\u00fablicas que garantam autonomia e oportunidades de conviv\u00eancia social.<\/p>\n<p>A deputada Erika Kokay (PT-DF), autora do requerimento da sess\u00e3o, disse que a sociedade s\u00f3 \u00e9 democr\u00e1tica quando reconhece a diversidade. \u201cA inclus\u00e3o come\u00e7a quando convivemos, compartilhamos e respeitamos nossas diferen\u00e7as. Precisamos de uma sociedade acess\u00edvel do ponto de vista emocional, atitudinal e arquitet\u00f4nico\u201d, afirmou.<\/p>\n<p><strong>Isolamento<br \/><\/strong>O tema deste ano \u00e9 o combate \u00e0 solid\u00e3o, um desafio comum para pessoas com defici\u00eancia intelectual na adolesc\u00eancia e na vida adulta.<\/p>\n<p>A presidenta da Federa\u00e7\u00e3o Brasileira das Associa\u00e7\u00f5es de S\u00edndrome de Down, Cleonice Bonda de Lima, afirmou que a falta de conv\u00edvio \u00e9 uma barreira \u00e0 inclus\u00e3o. \u201cTransformamos o lema da ONU em \u2018X\u00f4 solid\u00e3o\u2019 porque o acolhimento e a inclus\u00e3o evitam o afastamento dos espa\u00e7os de conviv\u00eancia\u201d, disse.<\/p>\n<p>Segundo ela, 92% das pessoas com defici\u00eancia estudam em classes regulares, mas ainda faltam recursos e tecnologia assistiva nas escolas.<\/p>\n<p>O ativista Michel Platini, do Centro de Direitos Humanos, criticou a falta de monitores nas escolas do Distrito Federal. Segundo ele, a aus\u00eancia desses profissionais prejudica estudantes com autismo ou com s\u00edndrome de Down.<\/p>\n<p>\u201cSem monitor e sem apoio comunit\u00e1rio, a inclus\u00e3o n\u00e3o ser\u00e1 efetiva. Ao negar esse apoio, o Estado compromete o futuro dessas pessoas\u201d, afirmou.<\/p>\n<div id=\"image-container-1256361\" class=\"image-container\" style=\"float: none; margin: 45px 0px; width: 100%;\" data-midia=\"1256361\">\n<p><em>Kayo Magalh\u00e3es \/ C\u00e2mara dos Deputados<\/em><\/p>\n<p>Matheus Humberto: \u201cEstudei em escola regular e n\u00e3o foi f\u00e1cil, mas n\u00e3o desisti&#8221;<\/p>\n<\/p><\/div>\n<p><strong>Protagonismo<br \/><\/strong>A sess\u00e3o teve forte participa\u00e7\u00e3o de pessoas com s\u00edndrome de Down, que ocuparam a mesa principal do plen\u00e1rio.<\/p>\n<p>Matheus Humberto, de 20 anos, relatou sua trajet\u00f3ria escolar. \u201cEstudei em escola regular e n\u00e3o foi f\u00e1cil, mas n\u00e3o desisti. Pessoas com s\u00edndrome de Down n\u00e3o querem apenas carinho. Querem oportunidades\u201d, declarou.<\/p>\n<p>Gustavo Fa\u00e7anha, formado em eventos, disse que limita\u00e7\u00f5es fazem parte da condi\u00e7\u00e3o humana. \u201cO que falta muitas vezes \u00e9 oportunidade e pol\u00edticas p\u00fablicas que nos apoiem\u201d, afirmou.<\/p>\n<p><strong>Esporte e cultura<br \/><\/strong>O esporte foi apontado como ferramenta de socializa\u00e7\u00e3o. A equipe de futsal Down do Distrito Federal, campe\u00e3 recente de um torneio interestadual, foi homenageada.<\/p>\n<p>O capit\u00e3o Fernando Tocantins, conhecido como Dinho, destacou o trabalho dos professores e a dedica\u00e7\u00e3o da equipe na conquista.<\/p>\n<p>Na \u00e1rea cultural, Jana\u00edna Parente, presidenta do Instituto Apsdown, convidou o p\u00fablico para o Festdown, evento inclusivo que ocorrer\u00e1 neste s\u00e1bado (21) na Biblioteca Nacional, em Bras\u00edlia. Ela criticou atitudes capacitistas. \u201cMuitas vezes a sociedade nega espa\u00e7os. Precisamos superar a vis\u00e3o que trata a diversidade como peso\u201d, disse.<\/p>\n<p style=\"font-size: 0.8rem; font-weight: 700;\">Da Reda\u00e7\u00e3o &#8211; GM<\/p>\n<\/p><\/div>\n<p><br \/>\n<br \/><a href=\"https:\/\/www.camara.leg.br\/noticias\/1256357-sessao-na-camara-marca-dia-da-sindrome-de-down-e-reforca-combate-a-exclusao\/\">postagem original <\/a><\/p>\n","protected":false},"excerpt":{"rendered":"<p>20\/03\/2026 &#8211; 18:01 \u00a0 Kayo Magalh\u00e3es \/ C\u00e2mara dos Deputados Durante a sess\u00e3o, pessoas com s\u00edndrome de Down ocuparam a [&hellip;]<\/p>\n","protected":false},"author":1,"featured_media":1893,"comment_status":"open","ping_status":"open","sticky":false,"template":"","format":"standard","meta":{"site-sidebar-layout":"default","site-content-layout":"","ast-site-content-layout":"default","site-content-style":"default","site-sidebar-style":"default","ast-global-header-display":"","ast-banner-title-visibility":"","ast-main-header-display":"","ast-hfb-above-header-display":"","ast-hfb-below-header-display":"","ast-hfb-mobile-header-display":"","site-post-title":"","ast-breadcrumbs-content":"","ast-featured-img":"","footer-sml-layout":"","theme-transparent-header-meta":"","adv-header-id-meta":"","stick-header-meta":"","header-above-stick-meta":"","header-main-stick-meta":"","header-below-stick-meta":"","astra-migrate-meta-layouts":"default","ast-page-background-enabled":"default","ast-page-background-meta":{"desktop":{"background-color":"var(--ast-global-color-5)","background-image":"","background-repeat":"repeat","background-position":"center center","background-size":"auto","background-attachment":"scroll","background-type":"","background-media":"","overlay-type":"","overlay-color":"","overlay-opacity":"","overlay-gradient":""},"tablet":{"background-color":"","background-image":"","background-repeat":"repeat","background-position":"center center","background-size":"auto","background-attachment":"scroll","background-type":"","background-media":"","overlay-type":"","overlay-color":"","overlay-opacity":"","overlay-gradient":""},"mobile":{"background-color":"","background-image":"","background-repeat":"repeat","background-position":"center center","background-size":"auto","background-attachment":"scroll","background-type":"","background-media":"","overlay-type":"","overlay-color":"","overlay-opacity":"","overlay-gradient":""}},"ast-content-background-meta":{"desktop":{"background-color":"var(--ast-global-color-4)","background-image":"","background-repeat":"repeat","background-position":"center center","background-size":"auto","background-attachment":"scroll","background-type":"","background-media":"","overlay-type":"","overlay-color":"","overlay-opacity":"","overlay-gradient":""},"tablet":{"background-color":"var(--ast-global-color-4)","background-image":"","background-repeat":"repeat","background-position":"center center","background-size":"auto","background-attachment":"scroll","background-type":"","background-media":"","overlay-type":"","overlay-color":"","overlay-opacity":"","overlay-gradient":""},"mobile":{"background-color":"var(--ast-global-color-4)","background-image":"","background-repeat":"repeat","background-position":"center center","background-size":"auto","background-attachment":"scroll","background-type":"","background-media":"","overlay-type":"","overlay-color":"","overlay-opacity":"","overlay-gradient":""}},"footnotes":""},"categories":[19],"tags":[],"_links":{"self":[{"href":"https:\/\/canalsamba.sitetopfm.com.br\/site\/wp-json\/wp\/v2\/posts\/1892"}],"collection":[{"href":"https:\/\/canalsamba.sitetopfm.com.br\/site\/wp-json\/wp\/v2\/posts"}],"about":[{"href":"https:\/\/canalsamba.sitetopfm.com.br\/site\/wp-json\/wp\/v2\/types\/post"}],"author":[{"embeddable":true,"href":"https:\/\/canalsamba.sitetopfm.com.br\/site\/wp-json\/wp\/v2\/users\/1"}],"replies":[{"embeddable":true,"href":"https:\/\/canalsamba.sitetopfm.com.br\/site\/wp-json\/wp\/v2\/comments?post=1892"}],"version-history":[{"count":0,"href":"https:\/\/canalsamba.sitetopfm.com.br\/site\/wp-json\/wp\/v2\/posts\/1892\/revisions"}],"wp:featuredmedia":[{"embeddable":true,"href":"https:\/\/canalsamba.sitetopfm.com.br\/site\/wp-json\/wp\/v2\/media\/1893"}],"wp:attachment":[{"href":"https:\/\/canalsamba.sitetopfm.com.br\/site\/wp-json\/wp\/v2\/media?parent=1892"}],"wp:term":[{"taxonomy":"category","embeddable":true,"href":"https:\/\/canalsamba.sitetopfm.com.br\/site\/wp-json\/wp\/v2\/categories?post=1892"},{"taxonomy":"post_tag","embeddable":true,"href":"https:\/\/canalsamba.sitetopfm.com.br\/site\/wp-json\/wp\/v2\/tags?post=1892"}],"curies":[{"name":"wp","href":"https:\/\/api.w.org\/{rel}","templated":true}]}}