{"id":1990,"date":"2026-03-25T10:30:49","date_gmt":"2026-03-25T13:30:49","guid":{"rendered":"https:\/\/canalsamba.sitetopfm.com.br\/site\/projeto-limita-embargo-ambiental-com-base-so-em-deteccao-remota-noticias\/"},"modified":"2026-03-25T10:30:49","modified_gmt":"2026-03-25T13:30:49","slug":"projeto-limita-embargo-ambiental-com-base-so-em-deteccao-remota-noticias","status":"publish","type":"post","link":"https:\/\/canalsamba.sitetopfm.com.br\/site\/projeto-limita-embargo-ambiental-com-base-so-em-deteccao-remota-noticias\/","title":{"rendered":"Projeto limita embargo ambiental com base s\u00f3 em detec\u00e7\u00e3o remota &#8211; Not\u00edcias"},"content":{"rendered":"<p> <br \/>\n<\/p>\n<div>\n<div>\n<p class=\"g-artigo__data-hora\">\n\t\t\t\t\t\t\t\t\t\t\t24\/03\/2026 &#8211; 08:41 \u00a0\n\t\t\t\t\t\t\t\t\t\t<\/p>\n<div id=\"image-container-1256762\" class=\"image-container\" style=\"float: none; margin: 45px 0px; width: 100%;\" data-midia=\"1256762\">\n<p><em>Kayo Magalh\u00e3es \/ C\u00e2mara dos Deputados<\/em><\/p>\n<p>\u00a0Lucio Mosquini \u00e9 o autor da proposta<\/p>\n<\/p><\/div>\n<p>O projeto de lei 2564\/25 do deputado Lucio Mosquini (MDB-RO) altera a <a class=\"linkLegislacao\" href=\"https:\/\/www2.camara.gov.br\/legin\/fed\/lei\/1998\/lei-9605-12-fevereiro-1998-365397-norma-pl.html\">Lei dos Crimes Ambientais<\/a>\u00a0para regular a aplica\u00e7\u00e3o de medidas administrativas cautelares na fiscaliza\u00e7\u00e3o ambiental. O texto pro\u00edbe o embargo baseado apenas na detec\u00e7\u00e3o remota de supress\u00e3o de vegeta\u00e7\u00e3o e prev\u00ea a notifica\u00e7\u00e3o pr\u00e9via ao autuado para apresentar esclarecimentos. A proposta est\u00e1 em an\u00e1lise na C\u00e2mara dos Deputados.<\/p>\n<p>O objetivo da medida \u00e9 evitar o agravamento do dano, interromper sua ocorr\u00eancia e resguardar a recupera\u00e7\u00e3o da \u00e1rea.<\/p>\n<p>Pelo texto, o agente de fiscaliza\u00e7\u00e3o poder\u00e1 adotar medidas cautelares quando houver dano ambiental, mas tais medidas\u00a0n\u00e3o poder\u00e3o antecipar as san\u00e7\u00f5es administrativas. Se isso ocorrer, o processo poder\u00e1 ser anulado.<\/p>\n<p>Segundo Lucio Mosquini, a proposta busca diferenciar melhor a medida cautelar da san\u00e7\u00e3o administrativa. Ele afirma que a medida cautelar tem car\u00e1ter de prote\u00e7\u00e3o imediata, enquanto a san\u00e7\u00e3o tem car\u00e1ter punitivo.<\/p>\n<p>O deputado argumenta ainda que\u00a0 \u00e1reas t\u00eam sido embargadas com base em apura\u00e7\u00e3o remota, sem oportunidade de defesa pr\u00e9via. \u201cQualquer medida que possa impor preju\u00edzo ao autuado deve ser precedida de ampla defesa e contradit\u00f3rio\u201d, diz o autor.<\/p>\n<p><strong>Pr\u00f3ximos passos<\/strong><br \/>O projeto tramita em <span id=\"4227\" class=\"termoGlossario\" title=\"Regime de tramita\u00e7\u00e3o que dispensa exig\u00eancias, interst\u00edcios e formalidades regimentais (salvo a publica\u00e7\u00e3o, o qu\u00f3rum e os pareceres) para que uma proposi\u00e7\u00e3o seja apreciada pela C\u00e2mara de forma mais c\u00e9lere. Pode-se dizer que as proposi\u00e7\u00f5es s\u00e3o urgentes em raz\u00e3o da natureza da mat\u00e9ria; em raz\u00e3o de serem de iniciativa do Poder Executivo, com solicita\u00e7\u00e3o de urg\u00eancia do presidente da Rep\u00fablica; ou em virtude de terem sido reconhecidas, por delibera\u00e7\u00e3o do Plen\u00e1rio, com esse car\u00e1ter. Alguns projetos j\u00e1 tramitam automaticamente em regime de urg\u00eancia, como os que tratam de acordos internacionais.\" contenteditable=\"false\" data-toggle=\"tooltip\" data-placement=\"top\">regime de urg\u00eancia<\/span> e pode ser votado diretamente pelo Plen\u00e1rio.<\/p>\n<p style=\"font-size: 0.8rem; font-weight: 700;\">Reportagem \u2013 Rachel Librelon<\/p>\n<\/p><\/div>\n<\/p><\/div>\n<p><br \/>\n<br \/><a href=\"https:\/\/www.camara.leg.br\/noticias\/1256760-projeto-limita-embargo-ambiental-com-base-so-em-deteccao-remota\/\">postagem original <\/a><\/p>\n","protected":false},"excerpt":{"rendered":"<p>24\/03\/2026 &#8211; 08:41 \u00a0 Kayo Magalh\u00e3es \/ C\u00e2mara dos Deputados \u00a0Lucio Mosquini \u00e9 o autor da proposta O projeto de [&hellip;]<\/p>\n","protected":false},"author":1,"featured_media":1991,"comment_status":"open","ping_status":"open","sticky":false,"template":"","format":"standard","meta":{"site-sidebar-layout":"default","site-content-layout":"","ast-site-content-layout":"default","site-content-style":"default","site-sidebar-style":"default","ast-global-header-display":"","ast-banner-title-visibility":"","ast-main-header-display":"","ast-hfb-above-header-display":"","ast-hfb-below-header-display":"","ast-hfb-mobile-header-display":"","site-post-title":"","ast-breadcrumbs-content":"","ast-featured-img":"","footer-sml-layout":"","theme-transparent-header-meta":"","adv-header-id-meta":"","stick-header-meta":"","header-above-stick-meta":"","header-main-stick-meta":"","header-below-stick-meta":"","astra-migrate-meta-layouts":"default","ast-page-background-enabled":"default","ast-page-background-meta":{"desktop":{"background-color":"var(--ast-global-color-5)","background-image":"","background-repeat":"repeat","background-position":"center center","background-size":"auto","background-attachment":"scroll","background-type":"","background-media":"","overlay-type":"","overlay-color":"","overlay-opacity":"","overlay-gradient":""},"tablet":{"background-color":"","background-image":"","background-repeat":"repeat","background-position":"center center","background-size":"auto","background-attachment":"scroll","background-type":"","background-media":"","overlay-type":"","overlay-color":"","overlay-opacity":"","overlay-gradient":""},"mobile":{"background-color":"","background-image":"","background-repeat":"repeat","background-position":"center center","background-size":"auto","background-attachment":"scroll","background-type":"","background-media":"","overlay-type":"","overlay-color":"","overlay-opacity":"","overlay-gradient":""}},"ast-content-background-meta":{"desktop":{"background-color":"var(--ast-global-color-4)","background-image":"","background-repeat":"repeat","background-position":"center center","background-size":"auto","background-attachment":"scroll","background-type":"","background-media":"","overlay-type":"","overlay-color":"","overlay-opacity":"","overlay-gradient":""},"tablet":{"background-color":"var(--ast-global-color-4)","background-image":"","background-repeat":"repeat","background-position":"center center","background-size":"auto","background-attachment":"scroll","background-type":"","background-media":"","overlay-type":"","overlay-color":"","overlay-opacity":"","overlay-gradient":""},"mobile":{"background-color":"var(--ast-global-color-4)","background-image":"","background-repeat":"repeat","background-position":"center center","background-size":"auto","background-attachment":"scroll","background-type":"","background-media":"","overlay-type":"","overlay-color":"","overlay-opacity":"","overlay-gradient":""}},"footnotes":""},"categories":[22],"tags":[],"_links":{"self":[{"href":"https:\/\/canalsamba.sitetopfm.com.br\/site\/wp-json\/wp\/v2\/posts\/1990"}],"collection":[{"href":"https:\/\/canalsamba.sitetopfm.com.br\/site\/wp-json\/wp\/v2\/posts"}],"about":[{"href":"https:\/\/canalsamba.sitetopfm.com.br\/site\/wp-json\/wp\/v2\/types\/post"}],"author":[{"embeddable":true,"href":"https:\/\/canalsamba.sitetopfm.com.br\/site\/wp-json\/wp\/v2\/users\/1"}],"replies":[{"embeddable":true,"href":"https:\/\/canalsamba.sitetopfm.com.br\/site\/wp-json\/wp\/v2\/comments?post=1990"}],"version-history":[{"count":0,"href":"https:\/\/canalsamba.sitetopfm.com.br\/site\/wp-json\/wp\/v2\/posts\/1990\/revisions"}],"wp:featuredmedia":[{"embeddable":true,"href":"https:\/\/canalsamba.sitetopfm.com.br\/site\/wp-json\/wp\/v2\/media\/1991"}],"wp:attachment":[{"href":"https:\/\/canalsamba.sitetopfm.com.br\/site\/wp-json\/wp\/v2\/media?parent=1990"}],"wp:term":[{"taxonomy":"category","embeddable":true,"href":"https:\/\/canalsamba.sitetopfm.com.br\/site\/wp-json\/wp\/v2\/categories?post=1990"},{"taxonomy":"post_tag","embeddable":true,"href":"https:\/\/canalsamba.sitetopfm.com.br\/site\/wp-json\/wp\/v2\/tags?post=1990"}],"curies":[{"name":"wp","href":"https:\/\/api.w.org\/{rel}","templated":true}]}}