{"id":2030,"date":"2026-03-26T18:56:12","date_gmt":"2026-03-26T21:56:12","guid":{"rendered":"https:\/\/canalsamba.sitetopfm.com.br\/site\/comissao-aprova-projeto-que-equipara-lupus-a-deficiencia-para-fins-legais-noticias\/"},"modified":"2026-03-26T18:56:12","modified_gmt":"2026-03-26T21:56:12","slug":"comissao-aprova-projeto-que-equipara-lupus-a-deficiencia-para-fins-legais-noticias","status":"publish","type":"post","link":"https:\/\/canalsamba.sitetopfm.com.br\/site\/comissao-aprova-projeto-que-equipara-lupus-a-deficiencia-para-fins-legais-noticias\/","title":{"rendered":"Comiss\u00e3o aprova projeto que equipara l\u00fapus a defici\u00eancia para fins legais &#8211; Not\u00edcias"},"content":{"rendered":"<p> <br \/>\n<\/p>\n<div>\n<p class=\"g-artigo__data-hora\">\n\t\t\t\t\t\t\t\t\t\t\t26\/03\/2026 &#8211; 18:13 \u00a0\n\t\t\t\t\t\t\t\t\t\t<\/p>\n<div id=\"image-container-1258412\" class=\"image-container\" style=\"float: none; margin: 45px 0px; width: 100%;\" data-midia=\"1258412\">\n<p><em>Kayo Magalh\u00e3es \/ C\u00e2mara dos Deputados<\/em><\/p>\n<p>Laura Carneiro, relatora na comiss\u00e3o<\/p>\n<\/p><\/div>\n<p class=\"mb-2 whitespace-pre-wrap\">A Comiss\u00e3o de Constitui\u00e7\u00e3o e Justi\u00e7a e de Cidadania da C\u00e2mara dos Deputados <a href=\"https:\/\/www.camara.leg.br\/proposicoesWeb\/prop_mostrarintegra?codteor=2374460&amp;filename=Parecer-CPD-2023-12-12\">aprovou proposta<\/a> que classifica o l\u00fapus eritematoso sist\u00eamico como defici\u00eancia para todos os efeitos legais. A medida garante aos pacientes os mesmos direitos e garantias previstos na legisla\u00e7\u00e3o, desde que comprovem o impedimento por meio de avalia\u00e7\u00e3o biopsicossocial.<\/p>\n<p>Como foi analisado em <span id=\"4322\" class=\"termoGlossario\" title=\"Rito de tramita\u00e7\u00e3o pelo qual o projeto \u00e9 votado apenas pelas comiss\u00f5es designadas para analis\u00e1-lo, dispensada a delibera\u00e7\u00e3o do Plen\u00e1rio. O projeto perde o car\u00e1ter conclusivo se houver decis\u00e3o divergente entre as comiss\u00f5es ou se, independentemente de ser aprovado ou rejeitado, houver recurso assinado por 52 deputados para a aprecia\u00e7\u00e3o da mat\u00e9ria no Plen\u00e1rio.\" contenteditable=\"false\" data-toggle=\"tooltip\" data-placement=\"top\">car\u00e1ter conclusivo<\/span>, o projeto de lei poder\u00e1 seguir para o Senado, salvo se houver recurso para an\u00e1lise no Plen\u00e1rio da C\u00e2mara. Para virar lei, a vers\u00e3o final do texto precisa ser aprovada pelas duas Casas.<\/p>\n<p class=\"mb-2 whitespace-pre-wrap\">Por recomenda\u00e7\u00e3o da relatora, deputada Laura Carneiro (PSD-RJ), o colegiado aprovou o <span id=\"4098\" class=\"termoGlossario\" title=\"Nome que se d\u00e1 ao texto que altera substancialmente o conte\u00fado original da proposta. O substitutivo \u00e9 apresentado pelo relator e tem prefer\u00eancia na vota\u00e7\u00e3o sobre o projeto original.\" contenteditable=\"false\" data-toggle=\"tooltip\" data-placement=\"top\">substitutivo<\/span> da Comiss\u00e3o de Defesa dos Direitos das Pessoas com Defici\u00eancia ao <a class=\"linkProposicao\" href=\"https:\/\/www.camara.leg.br\/noticias\/978610-projeto-equipara-portadores-de-lupus-a-pessoas-com-deficiencia\">Projeto de Lei 1456\/23<\/a>, de autoria do deputado Saullo Vianna (MDB-AM).<\/p>\n<p class=\"mb-2 whitespace-pre-wrap\"><strong>O que muda<br \/><\/strong>Pelo texto aprovado, ser\u00e1 necess\u00e1ria uma avalia\u00e7\u00e3o biopsicossocial, realizada por equipe multiprofissional, para atestar os impedimentos de longo prazo (f\u00edsicos, mentais, intelectuais ou sensoriais) que obstruam a participa\u00e7\u00e3o plena e efetiva do paciente na sociedade.<\/p>\n<p>&#8220;Por meio da medida, o Congresso promove a efetiva prote\u00e7\u00e3o social de milhares de cidad\u00e3os acometidos por uma patologia severa, a qual n\u00e3o deve ser tratada meramente sob a \u00f3tica cl\u00ednica&#8221;, afirmou a relatora Laura Carneiro em seu parecer.<\/p>\n<p class=\"mb-2 whitespace-pre-wrap\">Segundo o autor da proposta, o l\u00fapus \u00e9 uma doen\u00e7a autoimune grave, cr\u00f4nica e sem cura, que pode causar insufici\u00eancia renal, dores articulares incapacitantes e les\u00f5es de pele. &#8220;A gravidade da patologia imp\u00f5e ao Estado a garantia de direitos assistenciais e protetivos id\u00eanticos aos conferidos \u00e0s pessoas com defici\u00eancia&#8221;, argumentou Vianna.<\/p>\n<p class=\"mb-2 whitespace-pre-wrap\"><strong>Cadastro nacional<br \/><\/strong>O projeto original previa a cria\u00e7\u00e3o obrigat\u00f3ria de um cadastro nacional de pacientes com l\u00fapus pelo Minist\u00e9rio da Sa\u00fade. Esse ponto, contudo, foi retirado no substitutivo aprovado, com a justificativa de que a imposi\u00e7\u00e3o de tarefas ao Poder Executivo sem indicar a fonte de custeio poderia gerar v\u00edcio de iniciativa e inconstitucionalidade.<\/p>\n<p><a href=\"https:\/\/www.camara.leg.br\/noticias\/573454-SAIBA-MAIS-SOBRE-A-TRAMITACAO-DE-PROJETOS-DE-LEI\">Saiba mais sobre a tramita\u00e7\u00e3o de projetos de lei<\/a><\/p>\n<p style=\"font-size: 0.8rem; font-weight: 700;\">Reportagem \u2013 Emanuelle Brasil<br \/>Edi\u00e7\u00e3o \u2013 Ana Chalub<\/p>\n<\/p><\/div>\n<p><br \/>\n<br \/><a href=\"https:\/\/www.camara.leg.br\/noticias\/1258206-comissao-aprova-projeto-que-equipara-lupus-a-deficiencia-para-fins-legais\/\">postagem original <\/a><\/p>\n","protected":false},"excerpt":{"rendered":"<p>26\/03\/2026 &#8211; 18:13 \u00a0 Kayo Magalh\u00e3es \/ C\u00e2mara dos Deputados Laura Carneiro, relatora na comiss\u00e3o A Comiss\u00e3o de Constitui\u00e7\u00e3o e [&hellip;]<\/p>\n","protected":false},"author":1,"featured_media":2031,"comment_status":"open","ping_status":"open","sticky":false,"template":"","format":"standard","meta":{"site-sidebar-layout":"default","site-content-layout":"","ast-site-content-layout":"default","site-content-style":"default","site-sidebar-style":"default","ast-global-header-display":"","ast-banner-title-visibility":"","ast-main-header-display":"","ast-hfb-above-header-display":"","ast-hfb-below-header-display":"","ast-hfb-mobile-header-display":"","site-post-title":"","ast-breadcrumbs-content":"","ast-featured-img":"","footer-sml-layout":"","theme-transparent-header-meta":"","adv-header-id-meta":"","stick-header-meta":"","header-above-stick-meta":"","header-main-stick-meta":"","header-below-stick-meta":"","astra-migrate-meta-layouts":"default","ast-page-background-enabled":"default","ast-page-background-meta":{"desktop":{"background-color":"var(--ast-global-color-5)","background-image":"","background-repeat":"repeat","background-position":"center center","background-size":"auto","background-attachment":"scroll","background-type":"","background-media":"","overlay-type":"","overlay-color":"","overlay-opacity":"","overlay-gradient":""},"tablet":{"background-color":"","background-image":"","background-repeat":"repeat","background-position":"center center","background-size":"auto","background-attachment":"scroll","background-type":"","background-media":"","overlay-type":"","overlay-color":"","overlay-opacity":"","overlay-gradient":""},"mobile":{"background-color":"","background-image":"","background-repeat":"repeat","background-position":"center center","background-size":"auto","background-attachment":"scroll","background-type":"","background-media":"","overlay-type":"","overlay-color":"","overlay-opacity":"","overlay-gradient":""}},"ast-content-background-meta":{"desktop":{"background-color":"var(--ast-global-color-4)","background-image":"","background-repeat":"repeat","background-position":"center center","background-size":"auto","background-attachment":"scroll","background-type":"","background-media":"","overlay-type":"","overlay-color":"","overlay-opacity":"","overlay-gradient":""},"tablet":{"background-color":"var(--ast-global-color-4)","background-image":"","background-repeat":"repeat","background-position":"center center","background-size":"auto","background-attachment":"scroll","background-type":"","background-media":"","overlay-type":"","overlay-color":"","overlay-opacity":"","overlay-gradient":""},"mobile":{"background-color":"var(--ast-global-color-4)","background-image":"","background-repeat":"repeat","background-position":"center center","background-size":"auto","background-attachment":"scroll","background-type":"","background-media":"","overlay-type":"","overlay-color":"","overlay-opacity":"","overlay-gradient":""}},"footnotes":""},"categories":[19],"tags":[],"_links":{"self":[{"href":"https:\/\/canalsamba.sitetopfm.com.br\/site\/wp-json\/wp\/v2\/posts\/2030"}],"collection":[{"href":"https:\/\/canalsamba.sitetopfm.com.br\/site\/wp-json\/wp\/v2\/posts"}],"about":[{"href":"https:\/\/canalsamba.sitetopfm.com.br\/site\/wp-json\/wp\/v2\/types\/post"}],"author":[{"embeddable":true,"href":"https:\/\/canalsamba.sitetopfm.com.br\/site\/wp-json\/wp\/v2\/users\/1"}],"replies":[{"embeddable":true,"href":"https:\/\/canalsamba.sitetopfm.com.br\/site\/wp-json\/wp\/v2\/comments?post=2030"}],"version-history":[{"count":0,"href":"https:\/\/canalsamba.sitetopfm.com.br\/site\/wp-json\/wp\/v2\/posts\/2030\/revisions"}],"wp:featuredmedia":[{"embeddable":true,"href":"https:\/\/canalsamba.sitetopfm.com.br\/site\/wp-json\/wp\/v2\/media\/2031"}],"wp:attachment":[{"href":"https:\/\/canalsamba.sitetopfm.com.br\/site\/wp-json\/wp\/v2\/media?parent=2030"}],"wp:term":[{"taxonomy":"category","embeddable":true,"href":"https:\/\/canalsamba.sitetopfm.com.br\/site\/wp-json\/wp\/v2\/categories?post=2030"},{"taxonomy":"post_tag","embeddable":true,"href":"https:\/\/canalsamba.sitetopfm.com.br\/site\/wp-json\/wp\/v2\/tags?post=2030"}],"curies":[{"name":"wp","href":"https:\/\/api.w.org\/{rel}","templated":true}]}}