{"id":2104,"date":"2026-03-29T04:56:48","date_gmt":"2026-03-29T07:56:48","guid":{"rendered":"https:\/\/canalsamba.sitetopfm.com.br\/site\/camara-aprova-mp-com-reajuste-para-forcas-de-seguranca-do-distrito-federal-texto-vai-ao-senado-noticias\/"},"modified":"2026-03-29T04:56:48","modified_gmt":"2026-03-29T07:56:48","slug":"camara-aprova-mp-com-reajuste-para-forcas-de-seguranca-do-distrito-federal-texto-vai-ao-senado-noticias","status":"publish","type":"post","link":"https:\/\/canalsamba.sitetopfm.com.br\/site\/camara-aprova-mp-com-reajuste-para-forcas-de-seguranca-do-distrito-federal-texto-vai-ao-senado-noticias\/","title":{"rendered":"C\u00e2mara aprova MP com reajuste para for\u00e7as de seguran\u00e7a do Distrito Federal; texto vai ao Senado &#8211; Not\u00edcias"},"content":{"rendered":"<p> <br \/>\n<\/p>\n<div>\n<p class=\"g-artigo__data-hora\">\n\t\t\t\t\t\t\t\t\t\t\t26\/03\/2026 &#8211; 11:38 \u00a0<br \/>\n\t\t\t\t\t\t\t\t\t\t\t\t<span>\u2022 \u00a0 Atualizado em 26\/03\/2026 &#8211; 14:50<\/span>\n\t\t\t\t\t\t\t\t\t\t<\/p>\n<div id=\"image-container-1258364\" class=\"image-container\" style=\"float: none; margin: 45px 0px; width: 100%;\" data-midia=\"1258364\">\n<p><em>Kayo Magalh\u00e3es\/C\u00e2mara dos Deputados<\/em><\/p>\n<p>Rafael Prudente, relator da medida provis\u00f3ria<\/p>\n<\/p><\/div>\n<p>A C\u00e2mara dos Deputados aprovou a Medida Provis\u00f3ria 1326\/25, que reajusta a remunera\u00e7\u00e3o da Pol\u00edcia Civil, da Pol\u00edcia Militar e do Corpo de Bombeiros Militar do Distrito Federal em duas parcelas. A MP ser\u00e1 enviada ao Senado.<\/p>\n<p>Os reajustes j\u00e1 foram implementados em dezembro de 2025 e em janeiro deste ano. Os \u00edndices s\u00e3o iguais para todos no soldo (50%), mas vari\u00e1veis conforme o cargo, a classe, o posto ou a patente quanto \u00e0 Vantagem Pecuni\u00e1ria Especial (VPE). Os maiores \u00edndices s\u00e3o concedidos a soldado de 1\u00aa classe (31%) e cabo (30%).<\/p>\n<p>Segundo o governo, com a soma dos componentes, o reajuste final vai variar entre 19,6% e 28,4% (no acumulado 2025-2026).<\/p>\n<p>Para os policiais militares e bombeiros dos ex-territ\u00f3rios, o reajuste \u00e9 de 24,32%, dividido em duas parcelas: uma de 11,5% em dezembro de 2025 e outra de 11,5% em janeiro de 2026.<\/p>\n<p>O texto foi aprovado na forma do <span id=\"4131\" class=\"termoGlossario\" title=\"Nome que recebe a medida provis\u00f3ria alterada por emenda.\" contenteditable=\"false\" data-toggle=\"tooltip\" data-placement=\"top\">projeto de lei de convers\u00e3o<\/span> do relator, deputado Rafael Prudente (MDB-DF), que fez v\u00e1rias mudan\u00e7as no texto original.<\/p>\n<p><strong>Delegados<br \/><\/strong>Na Pol\u00edcia Civil do DF, o reajuste varia de 27,27% para a categoria especial a 24,43% para a terceira categoria. Esse reajuste tamb\u00e9m foi dividido em duas parcelas, 2025 e 2026.<\/p>\n<p><strong>Cargos e aux\u00edlio<br \/><\/strong>A MP tamb\u00e9m aumenta o aux\u00edlio-moradia das categorias, que ser\u00e1 reajustado em duas etapas (11,5% em dezembro de 2025 e 11,5% em janeiro de 2026), indo dos atuais R$ 3,6 mil para coronel com dependentes a R$ 4.475,61 em 2026.<\/p>\n<p>Para bancar o aux\u00edlio-moradia maior, a MP extingue 344 cargos efetivos vagos de m\u00e9dico e de soci\u00f3logo do quadro do Minist\u00e9rio da Gest\u00e3o, gerando receita da ordem de R$ 25,7 milh\u00f5es.<\/p>\n<p>O impacto or\u00e7ament\u00e1rio previsto \u00e9 de cerca de R$ 3 bilh\u00f5es a partir de 2026.<\/p>\n<p><strong>Tempo de servi\u00e7o<br \/><\/strong>Para o policial militar pedir transfer\u00eancia para a reserva remunerada, o texto aumenta o tempo de servi\u00e7o de 30 anos no total para 30 anos de exerc\u00edcio de atividade de natureza militar e 35 anos no total.<\/p>\n<p>Especificamente para o coronel da PM exonerado do cargo de comandante-geral da Pol\u00edcia Militar, o projeto de convers\u00e3o assegura o direito de pedir transfer\u00eancia para a reserva remunerada quando n\u00e3o chegar aos 35 anos de servi\u00e7o. Atualmente o teto \u00e9 de 30 anos.<\/p>\n<p>O texto garante proventos integrais e incorpora\u00e7\u00e3o da gratifica\u00e7\u00e3o do cargo exercido aos proventos de inatividade.<\/p>\n<p><strong>Tempo para reserva<br \/><\/strong>O texto aprovado aumenta as idades limites a partir das quais deve ocorrer a transfer\u00eancia \u00e0 reserva. Em geral, para oficiais, o aumento \u00e9 de cinco anos, com algumas exce\u00e7\u00f5es, como para soldados, que passa de 54 anos para 55 anos, mantendo a idade de cabo em 54 anos.<\/p>\n<p>J\u00e1 a idade da passagem da reserva remunerada para a reforma (uma esp\u00e9cie de aposentadoria definitiva) aumenta de 65 anos para 70 anos no caso dos oficiais e de 63 para 68 anos no caso dos pra\u00e7as.<\/p>\n<p>Todas essas regras se aplicam aos bombeiros militares, com algumas diferen\u00e7as em rela\u00e7\u00e3o \u00e0s idades.<\/p>\n<p>O texto tamb\u00e9m aumenta a altura m\u00ednima dos candidatos e passa a exigir bacharelado em Direito para o ingresso de novos oficiais.<\/p>\n<p><strong>Cess\u00f5es<br \/><\/strong>O texto aprovado inclui explicitamente a pol\u00edcia penal entre aquelas custeadas com recursos do Fundo Constitucional do Distrito Federal (FCDF).<\/p>\n<p>Al\u00e9m disso, muda a quantidade de pessoal da ativa que pode ser cedido para \u00f3rg\u00e3os de maior n\u00edvel hier\u00e1rquico da administra\u00e7\u00e3o federal ou do DF. Em vez de 5% do efetivo existente, passar\u00e1 a ser 5% do efetivo fixado em lei para as respectivas corpora\u00e7\u00f5es.<\/p>\n<p>Embora seja o mesmo \u00edndice, o resultado \u00e9 maior porque o efetivo autorizado em lei \u00e9 maior que o real.<\/p>\n<p><strong>Ex-territ\u00f3rio<\/strong><br \/>O relator ainda incluiu na MP antigos pleitos de servidores dos ex-territ\u00f3rios federais, como a inclus\u00e3o em quadros em extin\u00e7\u00e3o da Uni\u00e3o para quem mantinha v\u00ednculos empregat\u00edcios. A isonomia salarial para professores pioneiros foi assegurada.<\/p>\n<p>\u00a0<\/p>\n<div id=\"video-container-1258525\" class=\"embed-responsive embed-responsive-16by9\" style=\"margin-bottom: 18px;\" data-youtube-id=\"DGzeeikaXS4\">\n<p><em>YouTube<\/em><\/p>\n<p><div class=\"ast-oembed-container \" style=\"height: 100%;\"><iframe title=\"Novas exig\u00eancias para transfer\u00eancia de ve\u00edculos - 26\/03\/26\" width=\"500\" height=\"281\" src=\"https:\/\/www.youtube.com\/embed\/DGzeeikaXS4?feature=oembed\" frameborder=\"0\" allow=\"accelerometer; autoplay; clipboard-write; encrypted-media; gyroscope; picture-in-picture; web-share\" referrerpolicy=\"strict-origin-when-cross-origin\" allowfullscreen><\/iframe><\/div>\n<\/p><\/div>\n<p>\u00a0<\/p>\n<p style=\"font-size: 0.8rem; font-weight: 700;\">Reportagem \u2013 Eduardo Piovesan e Ralph Machado<br \/>Edi\u00e7\u00e3o \u2013 Natalia Doederlein<\/p>\n<\/p><\/div>\n<p><br \/>\n<br \/><a href=\"https:\/\/www.camara.leg.br\/noticias\/1258113-camara-aprova-mp-com-reajuste-para-forcas-de-seguranca-do-distrito-federal-texto-vai-ao-senado\/\">postagem original <\/a><\/p>\n","protected":false},"excerpt":{"rendered":"<p>26\/03\/2026 &#8211; 11:38 \u00a0 \u2022 \u00a0 Atualizado em 26\/03\/2026 &#8211; 14:50 Kayo Magalh\u00e3es\/C\u00e2mara dos Deputados Rafael Prudente, relator da medida [&hellip;]<\/p>\n","protected":false},"author":1,"featured_media":2105,"comment_status":"open","ping_status":"open","sticky":false,"template":"","format":"standard","meta":{"site-sidebar-layout":"default","site-content-layout":"","ast-site-content-layout":"default","site-content-style":"default","site-sidebar-style":"default","ast-global-header-display":"","ast-banner-title-visibility":"","ast-main-header-display":"","ast-hfb-above-header-display":"","ast-hfb-below-header-display":"","ast-hfb-mobile-header-display":"","site-post-title":"","ast-breadcrumbs-content":"","ast-featured-img":"","footer-sml-layout":"","theme-transparent-header-meta":"","adv-header-id-meta":"","stick-header-meta":"","header-above-stick-meta":"","header-main-stick-meta":"","header-below-stick-meta":"","astra-migrate-meta-layouts":"default","ast-page-background-enabled":"default","ast-page-background-meta":{"desktop":{"background-color":"var(--ast-global-color-5)","background-image":"","background-repeat":"repeat","background-position":"center center","background-size":"auto","background-attachment":"scroll","background-type":"","background-media":"","overlay-type":"","overlay-color":"","overlay-opacity":"","overlay-gradient":""},"tablet":{"background-color":"","background-image":"","background-repeat":"repeat","background-position":"center center","background-size":"auto","background-attachment":"scroll","background-type":"","background-media":"","overlay-type":"","overlay-color":"","overlay-opacity":"","overlay-gradient":""},"mobile":{"background-color":"","background-image":"","background-repeat":"repeat","background-position":"center center","background-size":"auto","background-attachment":"scroll","background-type":"","background-media":"","overlay-type":"","overlay-color":"","overlay-opacity":"","overlay-gradient":""}},"ast-content-background-meta":{"desktop":{"background-color":"var(--ast-global-color-4)","background-image":"","background-repeat":"repeat","background-position":"center center","background-size":"auto","background-attachment":"scroll","background-type":"","background-media":"","overlay-type":"","overlay-color":"","overlay-opacity":"","overlay-gradient":""},"tablet":{"background-color":"var(--ast-global-color-4)","background-image":"","background-repeat":"repeat","background-position":"center center","background-size":"auto","background-attachment":"scroll","background-type":"","background-media":"","overlay-type":"","overlay-color":"","overlay-opacity":"","overlay-gradient":""},"mobile":{"background-color":"var(--ast-global-color-4)","background-image":"","background-repeat":"repeat","background-position":"center center","background-size":"auto","background-attachment":"scroll","background-type":"","background-media":"","overlay-type":"","overlay-color":"","overlay-opacity":"","overlay-gradient":""}},"footnotes":""},"categories":[25],"tags":[],"_links":{"self":[{"href":"https:\/\/canalsamba.sitetopfm.com.br\/site\/wp-json\/wp\/v2\/posts\/2104"}],"collection":[{"href":"https:\/\/canalsamba.sitetopfm.com.br\/site\/wp-json\/wp\/v2\/posts"}],"about":[{"href":"https:\/\/canalsamba.sitetopfm.com.br\/site\/wp-json\/wp\/v2\/types\/post"}],"author":[{"embeddable":true,"href":"https:\/\/canalsamba.sitetopfm.com.br\/site\/wp-json\/wp\/v2\/users\/1"}],"replies":[{"embeddable":true,"href":"https:\/\/canalsamba.sitetopfm.com.br\/site\/wp-json\/wp\/v2\/comments?post=2104"}],"version-history":[{"count":0,"href":"https:\/\/canalsamba.sitetopfm.com.br\/site\/wp-json\/wp\/v2\/posts\/2104\/revisions"}],"wp:featuredmedia":[{"embeddable":true,"href":"https:\/\/canalsamba.sitetopfm.com.br\/site\/wp-json\/wp\/v2\/media\/2105"}],"wp:attachment":[{"href":"https:\/\/canalsamba.sitetopfm.com.br\/site\/wp-json\/wp\/v2\/media?parent=2104"}],"wp:term":[{"taxonomy":"category","embeddable":true,"href":"https:\/\/canalsamba.sitetopfm.com.br\/site\/wp-json\/wp\/v2\/categories?post=2104"},{"taxonomy":"post_tag","embeddable":true,"href":"https:\/\/canalsamba.sitetopfm.com.br\/site\/wp-json\/wp\/v2\/tags?post=2104"}],"curies":[{"name":"wp","href":"https:\/\/api.w.org\/{rel}","templated":true}]}}