{"id":2128,"date":"2026-03-31T13:33:32","date_gmt":"2026-03-31T16:33:32","guid":{"rendered":"https:\/\/canalsamba.sitetopfm.com.br\/site\/comissao-aprova-acesso-a-tecnologia-assistiva-pelo-sus-para-pessoas-com-deficiencia-noticias\/"},"modified":"2026-03-31T13:33:32","modified_gmt":"2026-03-31T16:33:32","slug":"comissao-aprova-acesso-a-tecnologia-assistiva-pelo-sus-para-pessoas-com-deficiencia-noticias","status":"publish","type":"post","link":"https:\/\/canalsamba.sitetopfm.com.br\/site\/comissao-aprova-acesso-a-tecnologia-assistiva-pelo-sus-para-pessoas-com-deficiencia-noticias\/","title":{"rendered":"Comiss\u00e3o aprova acesso a tecnologia assistiva pelo SUS para pessoas com defici\u00eancia &#8211; Not\u00edcias"},"content":{"rendered":"<p> <br \/>\n<\/p>\n<div>\n<p class=\"g-artigo__data-hora\">\n\t\t\t\t\t\t\t\t\t\t\t30\/03\/2026 &#8211; 14:15 \u00a0\n\t\t\t\t\t\t\t\t\t\t<\/p>\n<div id=\"image-container-1258984\" class=\"image-container\" style=\"float: none; margin: 45px 0px; width: 100%;\" data-midia=\"1258984\">\n<p><em>Bruno Spada\/C\u00e2mara dos Deputados<\/em><\/p>\n<p>Amom Mandel: medida vai melhorar, de fato, a qualidade de vida dessas pessoas<\/p>\n<\/p><\/div>\n<p>A Comiss\u00e3o de Sa\u00fade da C\u00e2mara dos Deputados aprovou projeto de lei que assegura \u00e0s pessoas com defici\u00eancia o direito de acessar tecnologias assistivas por meio do Sistema \u00danico de Sa\u00fade (SUS). A proposta busca promover autonomia, dignidade e inclus\u00e3o social desse grupo por meio de recursos tecnol\u00f3gicos indispens\u00e1veis para o exerc\u00edcio da cidadania.<\/p>\n<p>O texto aprovado foi o <span id=\"4098\" class=\"termoGlossario\" title=\"Nome que se d\u00e1 ao texto que altera substancialmente o conte\u00fado original da proposta. O substitutivo \u00e9 apresentado pelo relator e tem prefer\u00eancia na vota\u00e7\u00e3o sobre o projeto original.\" contenteditable=\"false\" data-toggle=\"tooltip\" data-placement=\"top\">substitutivo<\/span> apresentado pelo relator, deputado Amom Mandel (Cidadania-AM), que realizou ajustes no projeto original (<a href=\"https:\/\/www.camara.leg.br\/noticias\/1135861-projeto-preve-fornecimento-de-tecnologia-assistiva-para-pessoas-com-deficiencia-em-90-dias-pelo-sus\">PL 4326\/24<\/a>), do deputado Duarte Jr. (PSB-MA).<\/p>\n<p>Enquanto o texto inicial cria uma lei aut\u00f4noma para instituir o direito \u00e0 assist\u00eancia tecnol\u00f3gica personalizada, a nova reda\u00e7\u00e3o incorpora esse direito diretamente ao <a href=\"https:\/\/www2.camara.leg.br\/legin\/fed\/lei\/2015\/lei-13146-6-julho-2015-781174-norma-pl.html\">Estatuto da Pessoa com Defici\u00eancia<\/a>.<\/p>\n<p>Segundo o relator, os ajustes garantem a exequibilidade do projeto e refor\u00e7am direitos j\u00e1 existentes. Com a altera\u00e7\u00e3o, o SUS dever\u00e1 assegurar o acesso aos recursos tecnol\u00f3gicos, seguindo os crit\u00e9rios j\u00e1 estabelecidos para a assist\u00eancia terap\u00eautica integral e a incorpora\u00e7\u00e3o de novas tecnologias na sa\u00fade p\u00fablica.<\/p>\n<p><strong>Tecnologia<\/strong><br \/>Amom Mandel ressaltou que as pessoas com defici\u00eancia enfrentam barreiras constantes no trabalho, nos estudos e em atividades sociais que podem ser superadas com o apoio tecnol\u00f3gico.<\/p>\n<p>\u201cO acesso a recursos tecnol\u00f3gicos de apoio \u00e0s pessoas com defici\u00eancia vai melhorar, de fato, a qualidade de vida dessas pessoas e proporcionar a melhoria do perfil de sa\u00fade f\u00edsica e mental\u201d, afirmou Mandel.<\/p>\n<p>A tecnologia assistiva inclui desde equipamentos e dispositivos at\u00e9 metodologias e servi\u00e7os que proporcionam independ\u00eancia e qualidade de vida \u00e0s pessoas com defici\u00eancia ou mobilidade reduzida. Abrange desde recursos simples, como engrossadores de l\u00e1pis, at\u00e9 itens complexos, como cadeiras de rodas motorizadas.<\/p>\n<p><strong>Pr\u00f3ximos passos<\/strong><br \/>A proposta, que tramita em <span id=\"4322\" class=\"termoGlossario\" title=\"Rito de tramita\u00e7\u00e3o pelo qual o projeto \u00e9 votado apenas pelas comiss\u00f5es designadas para analis\u00e1-lo, dispensada a delibera\u00e7\u00e3o do Plen\u00e1rio. O projeto perde o car\u00e1ter conclusivo se houver decis\u00e3o divergente entre as comiss\u00f5es ou se, independentemente de ser aprovado ou rejeitado, houver recurso assinado por 52 deputados para a aprecia\u00e7\u00e3o da mat\u00e9ria no Plen\u00e1rio.\" contenteditable=\"false\" data-toggle=\"tooltip\" data-placement=\"top\">car\u00e1ter conclusivo<\/span>, ainda ser\u00e1 analisada pelas comiss\u00f5es de Defesa dos Direitos das Pessoas com Defici\u00eancia; de Finan\u00e7as e Tributa\u00e7\u00e3o; e de Constitui\u00e7\u00e3o e Justi\u00e7a e de Cidadania.<\/p>\n<p>Para virar lei, precisa ser aprovada pela C\u00e2mara e pelo Senado.<\/p>\n<p style=\"font-size: 0.8rem; font-weight: 700;\">Reportagem \u2013 No\u00e9li Nobre<br \/>Edi\u00e7\u00e3o \u2013 Marcia Becker<\/p>\n<\/p><\/div>\n<p><br \/>\n<br \/><a href=\"https:\/\/www.camara.leg.br\/noticias\/1258921-comissao-aprova-acesso-a-tecnologia-assistiva-pelo-sus-para-pessoas-com-deficiencia\/\">postagem original <\/a><\/p>\n","protected":false},"excerpt":{"rendered":"<p>30\/03\/2026 &#8211; 14:15 \u00a0 Bruno Spada\/C\u00e2mara dos Deputados Amom Mandel: medida vai melhorar, de fato, a qualidade de vida dessas [&hellip;]<\/p>\n","protected":false},"author":1,"featured_media":2129,"comment_status":"open","ping_status":"open","sticky":false,"template":"","format":"standard","meta":{"site-sidebar-layout":"default","site-content-layout":"","ast-site-content-layout":"default","site-content-style":"default","site-sidebar-style":"default","ast-global-header-display":"","ast-banner-title-visibility":"","ast-main-header-display":"","ast-hfb-above-header-display":"","ast-hfb-below-header-display":"","ast-hfb-mobile-header-display":"","site-post-title":"","ast-breadcrumbs-content":"","ast-featured-img":"","footer-sml-layout":"","theme-transparent-header-meta":"","adv-header-id-meta":"","stick-header-meta":"","header-above-stick-meta":"","header-main-stick-meta":"","header-below-stick-meta":"","astra-migrate-meta-layouts":"default","ast-page-background-enabled":"default","ast-page-background-meta":{"desktop":{"background-color":"var(--ast-global-color-5)","background-image":"","background-repeat":"repeat","background-position":"center center","background-size":"auto","background-attachment":"scroll","background-type":"","background-media":"","overlay-type":"","overlay-color":"","overlay-opacity":"","overlay-gradient":""},"tablet":{"background-color":"","background-image":"","background-repeat":"repeat","background-position":"center center","background-size":"auto","background-attachment":"scroll","background-type":"","background-media":"","overlay-type":"","overlay-color":"","overlay-opacity":"","overlay-gradient":""},"mobile":{"background-color":"","background-image":"","background-repeat":"repeat","background-position":"center center","background-size":"auto","background-attachment":"scroll","background-type":"","background-media":"","overlay-type":"","overlay-color":"","overlay-opacity":"","overlay-gradient":""}},"ast-content-background-meta":{"desktop":{"background-color":"var(--ast-global-color-4)","background-image":"","background-repeat":"repeat","background-position":"center center","background-size":"auto","background-attachment":"scroll","background-type":"","background-media":"","overlay-type":"","overlay-color":"","overlay-opacity":"","overlay-gradient":""},"tablet":{"background-color":"var(--ast-global-color-4)","background-image":"","background-repeat":"repeat","background-position":"center center","background-size":"auto","background-attachment":"scroll","background-type":"","background-media":"","overlay-type":"","overlay-color":"","overlay-opacity":"","overlay-gradient":""},"mobile":{"background-color":"var(--ast-global-color-4)","background-image":"","background-repeat":"repeat","background-position":"center center","background-size":"auto","background-attachment":"scroll","background-type":"","background-media":"","overlay-type":"","overlay-color":"","overlay-opacity":"","overlay-gradient":""}},"footnotes":""},"categories":[19],"tags":[],"_links":{"self":[{"href":"https:\/\/canalsamba.sitetopfm.com.br\/site\/wp-json\/wp\/v2\/posts\/2128"}],"collection":[{"href":"https:\/\/canalsamba.sitetopfm.com.br\/site\/wp-json\/wp\/v2\/posts"}],"about":[{"href":"https:\/\/canalsamba.sitetopfm.com.br\/site\/wp-json\/wp\/v2\/types\/post"}],"author":[{"embeddable":true,"href":"https:\/\/canalsamba.sitetopfm.com.br\/site\/wp-json\/wp\/v2\/users\/1"}],"replies":[{"embeddable":true,"href":"https:\/\/canalsamba.sitetopfm.com.br\/site\/wp-json\/wp\/v2\/comments?post=2128"}],"version-history":[{"count":0,"href":"https:\/\/canalsamba.sitetopfm.com.br\/site\/wp-json\/wp\/v2\/posts\/2128\/revisions"}],"wp:featuredmedia":[{"embeddable":true,"href":"https:\/\/canalsamba.sitetopfm.com.br\/site\/wp-json\/wp\/v2\/media\/2129"}],"wp:attachment":[{"href":"https:\/\/canalsamba.sitetopfm.com.br\/site\/wp-json\/wp\/v2\/media?parent=2128"}],"wp:term":[{"taxonomy":"category","embeddable":true,"href":"https:\/\/canalsamba.sitetopfm.com.br\/site\/wp-json\/wp\/v2\/categories?post=2128"},{"taxonomy":"post_tag","embeddable":true,"href":"https:\/\/canalsamba.sitetopfm.com.br\/site\/wp-json\/wp\/v2\/tags?post=2128"}],"curies":[{"name":"wp","href":"https:\/\/api.w.org\/{rel}","templated":true}]}}