{"id":2168,"date":"2026-04-03T12:50:28","date_gmt":"2026-04-03T15:50:28","guid":{"rendered":"https:\/\/canalsamba.sitetopfm.com.br\/site\/projeto-isenta-de-imposto-de-renda-o-valor-recebido-pelos-trabalhadores-como-participacao-nos-lucros-noticias\/"},"modified":"2026-04-03T12:50:28","modified_gmt":"2026-04-03T15:50:28","slug":"projeto-isenta-de-imposto-de-renda-o-valor-recebido-pelos-trabalhadores-como-participacao-nos-lucros-noticias","status":"publish","type":"post","link":"https:\/\/canalsamba.sitetopfm.com.br\/site\/projeto-isenta-de-imposto-de-renda-o-valor-recebido-pelos-trabalhadores-como-participacao-nos-lucros-noticias\/","title":{"rendered":"Projeto isenta de Imposto de Renda o valor recebido pelos trabalhadores como participa\u00e7\u00e3o nos lucros &#8211; Not\u00edcias"},"content":{"rendered":"<p> <br \/>\n<\/p>\n<div>\n<div>\n<p class=\"g-artigo__data-hora\">\n\t\t\t\t\t\t\t\t\t\t\t01\/04\/2026 &#8211; 13:13 \u00a0\n\t\t\t\t\t\t\t\t\t\t<\/p>\n<div id=\"image-container-1259858\" class=\"image-container\" style=\"float: none; margin: 45px 0px; width: 100%;\" data-midia=\"1259858\">\n<p><em>Kayo Magalh\u00e3es \/ C\u00e2mara dos Deputados<\/em><\/p>\n<p>Alfredinho: objetivo \u00e9 reduzir distor\u00e7\u00f5es na tributa\u00e7\u00e3o<\/p>\n<\/p><\/div>\n<p>O Projeto de Lei 1044\/26 isenta do Imposto de Renda (IR) os valores recebidos pelos trabalhadores a t\u00edtulo de participa\u00e7\u00e3o nos lucros ou resultados da empresa. O texto est\u00e1 em an\u00e1lise na C\u00e2mara dos Deputados.<\/p>\n<p>A proposta altera a <a class=\"linkLegislacao\" href=\"https:\/\/www2.camara.gov.br\/legin\/fed\/lei\/2000\/lei-10101-19-dezembro-2000-353953-norma-pl.html\">Lei de Participa\u00e7\u00e3o nos Lucros das Empresas<\/a> e a <a class=\"linkLegislacao\" href=\"https:\/\/www2.camara.gov.br\/legin\/fed\/lei\/1988\/lei-7713-22-dezembro-1988-372153-norma-pl.html\">Lei 7.713\/88<\/a>, que trata do IR. Atualmente, a tabela progressiva vigente estabelece uma al\u00edquota m\u00e1xima de 27,5% para valores acima de R$ 16.380,38.<\/p>\n<p><strong>Justificativa<\/strong><br \/>Autor da proposta, o deputado Alfredinho (PT-SP) afirmou que a cobran\u00e7a atual de IR contraria o sentido constitucional da participa\u00e7\u00e3o nos lucros ou resultados. O objetivo da proposta, segundo ele, \u00e9 reduzir as distor\u00e7\u00f5es na tributa\u00e7\u00e3o.<\/p>\n<p>\u201cO trabalhador que recebe R$ 15 mil anuais como participa\u00e7\u00e3o nos lucros \u00e9 tratado com mais rigor do que o acionista que recebe dividendos dezenas de vezes superiores\u201d, disse o parlamentar.<\/p>\n<p><strong>Pr\u00f3ximos passos<\/strong><br \/>O projeto ser\u00e1 analisado, em <span id=\"4322\" class=\"termoGlossario\" title=\"Rito de tramita\u00e7\u00e3o pelo qual o projeto \u00e9 votado apenas pelas comiss\u00f5es designadas para analis\u00e1-lo, dispensada a delibera\u00e7\u00e3o do Plen\u00e1rio. O projeto perde o car\u00e1ter conclusivo se houver decis\u00e3o divergente entre as comiss\u00f5es ou se, independentemente de ser aprovado ou rejeitado, houver recurso assinado por 52 deputados para a aprecia\u00e7\u00e3o da mat\u00e9ria no Plen\u00e1rio.\" contenteditable=\"false\" data-toggle=\"tooltip\" data-placement=\"top\">car\u00e1ter conclusivo<\/span>, pelas comiss\u00f5es de Trabalho; de Finan\u00e7as e Tributa\u00e7\u00e3o; e de Constitui\u00e7\u00e3o e Justi\u00e7a e de Cidadania.<\/p>\n<p>Para virar lei, ter\u00e1 de ser aprovado pela C\u00e2mara e pelo Senado.<\/p>\n<p>\u00a0<\/p>\n<p>\t\t\t\t<iframe class=\"infografico-container\" style=\"width: 100%; height: 100%;\" src=\"https:\/\/www.camara.leg.br\/internet\/agencia\/infograficos-html5\/tabelas-2026\/imposto-de-renda-sobre-participacao-nos-lucros-ou-resultados.html\" frameborder=\"0\" data-mce-fragment=\"1\"><\/iframe><\/p>\n<p>\u00a0<\/p>\n<p style=\"font-size: 0.8rem; font-weight: 700;\">Da Reportagem\/RM<br \/>Edi\u00e7\u00e3o \u2013 Marcelo Oliveira<\/p>\n<\/p><\/div>\n<\/p><\/div>\n<p><br \/>\n<br \/><a href=\"https:\/\/www.camara.leg.br\/noticias\/1259763-projeto-isenta-de-imposto-de-renda-o-valor-recebido-pelos-trabalhadores-como-participacao-nos-lucros\/\">postagem original <\/a><\/p>\n","protected":false},"excerpt":{"rendered":"<p>01\/04\/2026 &#8211; 13:13 \u00a0 Kayo Magalh\u00e3es \/ C\u00e2mara dos Deputados Alfredinho: objetivo \u00e9 reduzir distor\u00e7\u00f5es na tributa\u00e7\u00e3o O Projeto de [&hellip;]<\/p>\n","protected":false},"author":1,"featured_media":2169,"comment_status":"open","ping_status":"open","sticky":false,"template":"","format":"standard","meta":{"site-sidebar-layout":"default","site-content-layout":"","ast-site-content-layout":"default","site-content-style":"default","site-sidebar-style":"default","ast-global-header-display":"","ast-banner-title-visibility":"","ast-main-header-display":"","ast-hfb-above-header-display":"","ast-hfb-below-header-display":"","ast-hfb-mobile-header-display":"","site-post-title":"","ast-breadcrumbs-content":"","ast-featured-img":"","footer-sml-layout":"","theme-transparent-header-meta":"","adv-header-id-meta":"","stick-header-meta":"","header-above-stick-meta":"","header-main-stick-meta":"","header-below-stick-meta":"","astra-migrate-meta-layouts":"default","ast-page-background-enabled":"default","ast-page-background-meta":{"desktop":{"background-color":"var(--ast-global-color-5)","background-image":"","background-repeat":"repeat","background-position":"center center","background-size":"auto","background-attachment":"scroll","background-type":"","background-media":"","overlay-type":"","overlay-color":"","overlay-opacity":"","overlay-gradient":""},"tablet":{"background-color":"","background-image":"","background-repeat":"repeat","background-position":"center center","background-size":"auto","background-attachment":"scroll","background-type":"","background-media":"","overlay-type":"","overlay-color":"","overlay-opacity":"","overlay-gradient":""},"mobile":{"background-color":"","background-image":"","background-repeat":"repeat","background-position":"center center","background-size":"auto","background-attachment":"scroll","background-type":"","background-media":"","overlay-type":"","overlay-color":"","overlay-opacity":"","overlay-gradient":""}},"ast-content-background-meta":{"desktop":{"background-color":"var(--ast-global-color-4)","background-image":"","background-repeat":"repeat","background-position":"center center","background-size":"auto","background-attachment":"scroll","background-type":"","background-media":"","overlay-type":"","overlay-color":"","overlay-opacity":"","overlay-gradient":""},"tablet":{"background-color":"var(--ast-global-color-4)","background-image":"","background-repeat":"repeat","background-position":"center center","background-size":"auto","background-attachment":"scroll","background-type":"","background-media":"","overlay-type":"","overlay-color":"","overlay-opacity":"","overlay-gradient":""},"mobile":{"background-color":"var(--ast-global-color-4)","background-image":"","background-repeat":"repeat","background-position":"center center","background-size":"auto","background-attachment":"scroll","background-type":"","background-media":"","overlay-type":"","overlay-color":"","overlay-opacity":"","overlay-gradient":""}},"footnotes":""},"categories":[12],"tags":[],"_links":{"self":[{"href":"https:\/\/canalsamba.sitetopfm.com.br\/site\/wp-json\/wp\/v2\/posts\/2168"}],"collection":[{"href":"https:\/\/canalsamba.sitetopfm.com.br\/site\/wp-json\/wp\/v2\/posts"}],"about":[{"href":"https:\/\/canalsamba.sitetopfm.com.br\/site\/wp-json\/wp\/v2\/types\/post"}],"author":[{"embeddable":true,"href":"https:\/\/canalsamba.sitetopfm.com.br\/site\/wp-json\/wp\/v2\/users\/1"}],"replies":[{"embeddable":true,"href":"https:\/\/canalsamba.sitetopfm.com.br\/site\/wp-json\/wp\/v2\/comments?post=2168"}],"version-history":[{"count":0,"href":"https:\/\/canalsamba.sitetopfm.com.br\/site\/wp-json\/wp\/v2\/posts\/2168\/revisions"}],"wp:featuredmedia":[{"embeddable":true,"href":"https:\/\/canalsamba.sitetopfm.com.br\/site\/wp-json\/wp\/v2\/media\/2169"}],"wp:attachment":[{"href":"https:\/\/canalsamba.sitetopfm.com.br\/site\/wp-json\/wp\/v2\/media?parent=2168"}],"wp:term":[{"taxonomy":"category","embeddable":true,"href":"https:\/\/canalsamba.sitetopfm.com.br\/site\/wp-json\/wp\/v2\/categories?post=2168"},{"taxonomy":"post_tag","embeddable":true,"href":"https:\/\/canalsamba.sitetopfm.com.br\/site\/wp-json\/wp\/v2\/tags?post=2168"}],"curies":[{"name":"wp","href":"https:\/\/api.w.org\/{rel}","templated":true}]}}