{"id":2414,"date":"2026-04-25T17:33:09","date_gmt":"2026-04-25T20:33:09","guid":{"rendered":"https:\/\/canalsamba.sitetopfm.com.br\/site\/comissao-aprova-criacao-de-programa-de-credito-para-empreendedores-com-60-anos-ou-mais-noticias\/"},"modified":"2026-04-25T17:33:09","modified_gmt":"2026-04-25T20:33:09","slug":"comissao-aprova-criacao-de-programa-de-credito-para-empreendedores-com-60-anos-ou-mais-noticias","status":"publish","type":"post","link":"https:\/\/canalsamba.sitetopfm.com.br\/site\/comissao-aprova-criacao-de-programa-de-credito-para-empreendedores-com-60-anos-ou-mais-noticias\/","title":{"rendered":"Comiss\u00e3o aprova cria\u00e7\u00e3o de programa de cr\u00e9dito para empreendedores com 60 anos ou mais &#8211; Not\u00edcias"},"content":{"rendered":"<p> <br \/>\n<\/p>\n<div>\n<div>\n<p class=\"g-artigo__data-hora\">\n\t\t\t\t\t\t\t\t\t\t\t15\/04\/2026 &#8211; 16:16 \u00a0\n\t\t\t\t\t\t\t\t\t\t<\/p>\n<div id=\"image-container-1263680\" class=\"image-container\" style=\"float: none; margin: 45px 0px; width: 100%;\" data-midia=\"1263680\">\n<p><em>GettyImages<\/em><\/p>\n<p>A proposta beneficia micro e pequenos empreendedores<\/p>\n<\/p><\/div>\n<p class=\"mb-2 whitespace-pre-wrap\">A Comiss\u00e3o de Defesa dos Direitos da Pessoa Idosa da C\u00e2mara dos Deputados aprovou a cria\u00e7\u00e3o do Programa Nacional de Incentivo ao Empreendedorismo 60+. O objetivo \u00e9 ofertar linhas de cr\u00e9dito com condi\u00e7\u00f5es diferenciadas e a\u00e7\u00f5es de capacita\u00e7\u00e3o t\u00e9cnica para pessoas com 60 anos ou mais.<\/p>\n<p class=\"mb-2 whitespace-pre-wrap\">O texto aprovado \u00e9 um <span id=\"4098\" class=\"termoGlossario\" title=\"Nome que se d\u00e1 ao texto que altera substancialmente o conte\u00fado original da proposta. O substitutivo \u00e9 apresentado pelo relator e tem prefer\u00eancia na vota\u00e7\u00e3o sobre o projeto original.\" contenteditable=\"false\" data-toggle=\"tooltip\" data-placement=\"top\">substitutivo<\/span> do relator, deputado Alexandre Lindenmeyer (PT-RS), aos projetos de lei 4998\/24, do deputado Capit\u00e3o Augusto (PL-SP), e 1067\/25, do deputado Z\u00e9 Neto (PT-BA), que tramitam em conjunto. A medida beneficia microempreendedores individuais (MEI), micro e pequenas empresas e cooperativas controladas por idosos.<\/p>\n<p class=\"mb-2 whitespace-pre-wrap\">&#8220;A proposta apresenta iniciativa louv\u00e1vel ao instituir o Programa Nacional de Incentivo ao Empreendedorismo 60+, reconhecendo a import\u00e2ncia de pol\u00edticas p\u00fablicas que promovam a inclus\u00e3o produtiva, a independ\u00eancia econ\u00f4mica e o envelhecimento ativo de pessoas com idade igual ou superior a 60 anos&#8221;, afirmou o relator.<\/p>\n<p class=\"mb-2 whitespace-pre-wrap\"><strong>Regras e altera\u00e7\u00f5es<\/strong><br \/>Pela proposta aprovada, as linhas de cr\u00e9dito dever\u00e3o oferecer prazos estendidos para pagamento, possibilidade de car\u00eancia inicial e sistemas de garantia simplificados. O texto tamb\u00e9m prev\u00ea capacita\u00e7\u00e3o com foco em gest\u00e3o, finan\u00e7as, inova\u00e7\u00e3o e inclus\u00e3o digital.<\/p>\n<p class=\"mb-2 whitespace-pre-wrap\">A proposta altera o Estatuto da Pessoa Idosa (Lei 10.741\/03), a lei do Programa Nacional de Microcr\u00e9dito Produtivo Orientado (Lei 13.636\/18) e a lei do Pronampe (Lei 13.999\/20). As mudan\u00e7as garantem, por exemplo, a ades\u00e3o priorit\u00e1ria e facilitada de idosos ao Pronampe.<\/p>\n<p class=\"mb-2 whitespace-pre-wrap\"><strong>Pr\u00f3ximos passos<\/strong><br \/>A proposta tramita em <span id=\"4322\" class=\"termoGlossario\" title=\"Rito de tramita\u00e7\u00e3o pelo qual o projeto \u00e9 votado apenas pelas comiss\u00f5es designadas para analis\u00e1-lo, dispensada a delibera\u00e7\u00e3o do Plen\u00e1rio. O projeto perde o car\u00e1ter conclusivo se houver decis\u00e3o divergente entre as comiss\u00f5es ou se, independentemente de ser aprovado ou rejeitado, houver recurso assinado por 52 deputados para a aprecia\u00e7\u00e3o da mat\u00e9ria no Plen\u00e1rio.\" contenteditable=\"false\" data-toggle=\"tooltip\" data-placement=\"top\">car\u00e1ter conclusivo<\/span> e ainda ser\u00e1 analisada pelas comiss\u00f5es de Finan\u00e7as e Tributa\u00e7\u00e3o; e de Constitui\u00e7\u00e3o e Justi\u00e7a e de Cidadania. O texto j\u00e1 havia sido aprovado anteriormente pela Comiss\u00e3o de Ind\u00fastria, Com\u00e9rcio e Servi\u00e7os.<\/p>\n<p class=\"mb-2 whitespace-pre-wrap\">Para virar lei, o texto precisa ser aprovado pela C\u00e2mara e pelo Senado.<\/p>\n<p><a href=\"https:\/\/www.camara.leg.br\/noticias\/573454-SAIBA-MAIS-SOBRE-A-TRAMITACAO-DE-PROJETOS-DE-LEI\">Saiba mais sobre a tramita\u00e7\u00e3o de projetos de lei<\/a><\/p>\n<p style=\"font-size: 0.8rem; font-weight: 700;\">Da Reda\u00e7\u00e3o\/WS<\/p>\n<\/p><\/div>\n<\/p><\/div>\n<p><br \/>\n<br \/><a href=\"https:\/\/www.camara.leg.br\/noticias\/1263660-comissao-aprova-criacao-de-programa-de-credito-para-empreendedores-com-60-anos-ou-mais\/\">postagem original <\/a><\/p>\n","protected":false},"excerpt":{"rendered":"<p>15\/04\/2026 &#8211; 16:16 \u00a0 GettyImages A proposta beneficia micro e pequenos empreendedores A Comiss\u00e3o de Defesa dos Direitos da Pessoa [&hellip;]<\/p>\n","protected":false},"author":1,"featured_media":2415,"comment_status":"open","ping_status":"open","sticky":false,"template":"","format":"standard","meta":{"site-sidebar-layout":"default","site-content-layout":"","ast-site-content-layout":"default","site-content-style":"default","site-sidebar-style":"default","ast-global-header-display":"","ast-banner-title-visibility":"","ast-main-header-display":"","ast-hfb-above-header-display":"","ast-hfb-below-header-display":"","ast-hfb-mobile-header-display":"","site-post-title":"","ast-breadcrumbs-content":"","ast-featured-img":"","footer-sml-layout":"","theme-transparent-header-meta":"","adv-header-id-meta":"","stick-header-meta":"","header-above-stick-meta":"","header-main-stick-meta":"","header-below-stick-meta":"","astra-migrate-meta-layouts":"default","ast-page-background-enabled":"default","ast-page-background-meta":{"desktop":{"background-color":"var(--ast-global-color-5)","background-image":"","background-repeat":"repeat","background-position":"center center","background-size":"auto","background-attachment":"scroll","background-type":"","background-media":"","overlay-type":"","overlay-color":"","overlay-opacity":"","overlay-gradient":""},"tablet":{"background-color":"","background-image":"","background-repeat":"repeat","background-position":"center center","background-size":"auto","background-attachment":"scroll","background-type":"","background-media":"","overlay-type":"","overlay-color":"","overlay-opacity":"","overlay-gradient":""},"mobile":{"background-color":"","background-image":"","background-repeat":"repeat","background-position":"center center","background-size":"auto","background-attachment":"scroll","background-type":"","background-media":"","overlay-type":"","overlay-color":"","overlay-opacity":"","overlay-gradient":""}},"ast-content-background-meta":{"desktop":{"background-color":"var(--ast-global-color-4)","background-image":"","background-repeat":"repeat","background-position":"center center","background-size":"auto","background-attachment":"scroll","background-type":"","background-media":"","overlay-type":"","overlay-color":"","overlay-opacity":"","overlay-gradient":""},"tablet":{"background-color":"var(--ast-global-color-4)","background-image":"","background-repeat":"repeat","background-position":"center center","background-size":"auto","background-attachment":"scroll","background-type":"","background-media":"","overlay-type":"","overlay-color":"","overlay-opacity":"","overlay-gradient":""},"mobile":{"background-color":"var(--ast-global-color-4)","background-image":"","background-repeat":"repeat","background-position":"center center","background-size":"auto","background-attachment":"scroll","background-type":"","background-media":"","overlay-type":"","overlay-color":"","overlay-opacity":"","overlay-gradient":""}},"footnotes":""},"categories":[12],"tags":[],"_links":{"self":[{"href":"https:\/\/canalsamba.sitetopfm.com.br\/site\/wp-json\/wp\/v2\/posts\/2414"}],"collection":[{"href":"https:\/\/canalsamba.sitetopfm.com.br\/site\/wp-json\/wp\/v2\/posts"}],"about":[{"href":"https:\/\/canalsamba.sitetopfm.com.br\/site\/wp-json\/wp\/v2\/types\/post"}],"author":[{"embeddable":true,"href":"https:\/\/canalsamba.sitetopfm.com.br\/site\/wp-json\/wp\/v2\/users\/1"}],"replies":[{"embeddable":true,"href":"https:\/\/canalsamba.sitetopfm.com.br\/site\/wp-json\/wp\/v2\/comments?post=2414"}],"version-history":[{"count":0,"href":"https:\/\/canalsamba.sitetopfm.com.br\/site\/wp-json\/wp\/v2\/posts\/2414\/revisions"}],"wp:featuredmedia":[{"embeddable":true,"href":"https:\/\/canalsamba.sitetopfm.com.br\/site\/wp-json\/wp\/v2\/media\/2415"}],"wp:attachment":[{"href":"https:\/\/canalsamba.sitetopfm.com.br\/site\/wp-json\/wp\/v2\/media?parent=2414"}],"wp:term":[{"taxonomy":"category","embeddable":true,"href":"https:\/\/canalsamba.sitetopfm.com.br\/site\/wp-json\/wp\/v2\/categories?post=2414"},{"taxonomy":"post_tag","embeddable":true,"href":"https:\/\/canalsamba.sitetopfm.com.br\/site\/wp-json\/wp\/v2\/tags?post=2414"}],"curies":[{"name":"wp","href":"https:\/\/api.w.org\/{rel}","templated":true}]}}