{"id":2418,"date":"2026-04-25T17:36:00","date_gmt":"2026-04-25T20:36:00","guid":{"rendered":"https:\/\/canalsamba.sitetopfm.com.br\/site\/comissao-aprova-projeto-que-preve-indenizacao-a-entidades-formadoras-de-jovens-atletas-noticias\/"},"modified":"2026-04-25T17:36:00","modified_gmt":"2026-04-25T20:36:00","slug":"comissao-aprova-projeto-que-preve-indenizacao-a-entidades-formadoras-de-jovens-atletas-noticias","status":"publish","type":"post","link":"https:\/\/canalsamba.sitetopfm.com.br\/site\/comissao-aprova-projeto-que-preve-indenizacao-a-entidades-formadoras-de-jovens-atletas-noticias\/","title":{"rendered":"Comiss\u00e3o aprova projeto que prev\u00ea indeniza\u00e7\u00e3o a entidades formadoras de jovens atletas &#8211; Not\u00edcias"},"content":{"rendered":"<p> <br \/>\n<\/p>\n<div>\n<div>\n<p class=\"g-artigo__data-hora\">\n\t\t\t\t\t\t\t\t\t\t\t14\/04\/2026 &#8211; 13:14 \u00a0\n\t\t\t\t\t\t\t\t\t\t<\/p>\n<div id=\"image-container-1262917\" class=\"image-container\" style=\"float: none; margin: 45px 0px; width: 100%;\" data-midia=\"1262917\">\n<p><em>Vinicius Loures\/C\u00e2mara dos Deputados<\/em><\/p>\n<p>Julio Cesar Ribeiro \u00e9 o relator do projeto<\/p>\n<\/p><\/div>\n<p>A Comiss\u00e3o do Esporte da C\u00e2mara dos Deputados aprovou o <a class=\"linkProposicao\" href=\"https:\/\/www.camara.leg.br\/noticias\/1054108-projeto-preve-indenizacao-para-organizacao-formadora-que-perde-jovem-atleta-para-outra-modalidade-esportiva\">Projeto de Lei 936\/24<\/a>, do deputado Paulo Litro (Uni\u00e3o-PR), que garante \u00e0s entidades formadoras o direito a indeniza\u00e7\u00e3o quando o jovem atleta n\u00e3o assinar o primeiro contrato com elas e passar a atuar em outra organiza\u00e7\u00e3o esportiva, inclusive em modalidade diferente.<\/p>\n<p>Atualmente, a <a class=\"linkLegislacao\" href=\"https:\/\/www2.camara.gov.br\/legin\/fed\/lei\/2023\/lei-14597-14-junho-2023-794299-norma-pl.html\"> Lei Geral do Esporte<\/a>\u00a0j\u00e1 prev\u00ea indeniza\u00e7\u00e3o \u00e0 entidade formadora quando ela fica impedida de assinar o primeiro contrato especial de trabalho esportivo porque o atleta se vinculou a outra organiza\u00e7\u00e3o sem autoriza\u00e7\u00e3o expressa.<\/p>\n<p>A proposta amplia essa prote\u00e7\u00e3o \u00e0s entidades formadoras ao abordar os casos em que h\u00e1 mudan\u00e7a de esporte. Pelo texto, a compensa\u00e7\u00e3o tamb\u00e9m poder\u00e1 ocorrer se o jovem atleta deixar a base e se transferir para outra modalidade.<\/p>\n<p>O relator na comiss\u00e3o, deputado Julio Cesar Ribeiro (Republicanos-DF), recomendou a aprova\u00e7\u00e3o do texto.<\/p>\n<p>\u201cA ess\u00eancia desta proposta \u00e9 assegurar que todos os investimentos efetuados pelo clube formador em seus atletas de base, como em assist\u00eancia educacional, psicol\u00f3gica, m\u00e9dica, fisioterap\u00eautica e odontol\u00f3gica, bem como alimenta\u00e7\u00e3o e transporte, possam ser indenizados\u201d, afirmou Julio Cesar Ribeiro no parecer.<\/p>\n<p><strong>Pr\u00f3ximos passos<br \/><\/strong>O projeto ainda ser\u00e1 analisado, em <span id=\"4322\" class=\"termoGlossario\" title=\"Rito de tramita\u00e7\u00e3o pelo qual o projeto \u00e9 votado apenas pelas comiss\u00f5es designadas para analis\u00e1-lo, dispensada a delibera\u00e7\u00e3o do Plen\u00e1rio. O projeto perde o car\u00e1ter conclusivo se houver decis\u00e3o divergente entre as comiss\u00f5es ou se, independentemente de ser aprovado ou rejeitado, houver recurso assinado por 52 deputados para a aprecia\u00e7\u00e3o da mat\u00e9ria no Plen\u00e1rio.\" contenteditable=\"false\" data-toggle=\"tooltip\" data-placement=\"top\">car\u00e1ter conclusivo<\/span>, pela Comiss\u00e3o de Constitui\u00e7\u00e3o e Justi\u00e7a e de Cidadania. Para virar lei, ter\u00e1 de ser aprovado pela C\u00e2mara e pelo Senado.<\/p>\n<p style=\"font-size: 0.8rem; font-weight: 700;\">Da Reportagem\/RM<br \/>Edi\u00e7\u00e3o \u2013 Rachel Librelon<\/p>\n<\/p><\/div>\n<\/p><\/div>\n<p><br \/>\n<br \/><a href=\"https:\/\/www.camara.leg.br\/noticias\/1262773-comissao-aprova-projeto-que-preve-indenizacao-a-entidades-formadoras-de-jovens-atletas\/\">postagem original <\/a><\/p>\n","protected":false},"excerpt":{"rendered":"<p>14\/04\/2026 &#8211; 13:14 \u00a0 Vinicius Loures\/C\u00e2mara dos Deputados Julio Cesar Ribeiro \u00e9 o relator do projeto A Comiss\u00e3o do Esporte [&hellip;]<\/p>\n","protected":false},"author":1,"featured_media":2419,"comment_status":"open","ping_status":"open","sticky":false,"template":"","format":"standard","meta":{"site-sidebar-layout":"default","site-content-layout":"","ast-site-content-layout":"default","site-content-style":"default","site-sidebar-style":"default","ast-global-header-display":"","ast-banner-title-visibility":"","ast-main-header-display":"","ast-hfb-above-header-display":"","ast-hfb-below-header-display":"","ast-hfb-mobile-header-display":"","site-post-title":"","ast-breadcrumbs-content":"","ast-featured-img":"","footer-sml-layout":"","theme-transparent-header-meta":"","adv-header-id-meta":"","stick-header-meta":"","header-above-stick-meta":"","header-main-stick-meta":"","header-below-stick-meta":"","astra-migrate-meta-layouts":"default","ast-page-background-enabled":"default","ast-page-background-meta":{"desktop":{"background-color":"var(--ast-global-color-5)","background-image":"","background-repeat":"repeat","background-position":"center center","background-size":"auto","background-attachment":"scroll","background-type":"","background-media":"","overlay-type":"","overlay-color":"","overlay-opacity":"","overlay-gradient":""},"tablet":{"background-color":"","background-image":"","background-repeat":"repeat","background-position":"center center","background-size":"auto","background-attachment":"scroll","background-type":"","background-media":"","overlay-type":"","overlay-color":"","overlay-opacity":"","overlay-gradient":""},"mobile":{"background-color":"","background-image":"","background-repeat":"repeat","background-position":"center center","background-size":"auto","background-attachment":"scroll","background-type":"","background-media":"","overlay-type":"","overlay-color":"","overlay-opacity":"","overlay-gradient":""}},"ast-content-background-meta":{"desktop":{"background-color":"var(--ast-global-color-4)","background-image":"","background-repeat":"repeat","background-position":"center center","background-size":"auto","background-attachment":"scroll","background-type":"","background-media":"","overlay-type":"","overlay-color":"","overlay-opacity":"","overlay-gradient":""},"tablet":{"background-color":"var(--ast-global-color-4)","background-image":"","background-repeat":"repeat","background-position":"center center","background-size":"auto","background-attachment":"scroll","background-type":"","background-media":"","overlay-type":"","overlay-color":"","overlay-opacity":"","overlay-gradient":""},"mobile":{"background-color":"var(--ast-global-color-4)","background-image":"","background-repeat":"repeat","background-position":"center center","background-size":"auto","background-attachment":"scroll","background-type":"","background-media":"","overlay-type":"","overlay-color":"","overlay-opacity":"","overlay-gradient":""}},"footnotes":""},"categories":[21],"tags":[],"_links":{"self":[{"href":"https:\/\/canalsamba.sitetopfm.com.br\/site\/wp-json\/wp\/v2\/posts\/2418"}],"collection":[{"href":"https:\/\/canalsamba.sitetopfm.com.br\/site\/wp-json\/wp\/v2\/posts"}],"about":[{"href":"https:\/\/canalsamba.sitetopfm.com.br\/site\/wp-json\/wp\/v2\/types\/post"}],"author":[{"embeddable":true,"href":"https:\/\/canalsamba.sitetopfm.com.br\/site\/wp-json\/wp\/v2\/users\/1"}],"replies":[{"embeddable":true,"href":"https:\/\/canalsamba.sitetopfm.com.br\/site\/wp-json\/wp\/v2\/comments?post=2418"}],"version-history":[{"count":0,"href":"https:\/\/canalsamba.sitetopfm.com.br\/site\/wp-json\/wp\/v2\/posts\/2418\/revisions"}],"wp:featuredmedia":[{"embeddable":true,"href":"https:\/\/canalsamba.sitetopfm.com.br\/site\/wp-json\/wp\/v2\/media\/2419"}],"wp:attachment":[{"href":"https:\/\/canalsamba.sitetopfm.com.br\/site\/wp-json\/wp\/v2\/media?parent=2418"}],"wp:term":[{"taxonomy":"category","embeddable":true,"href":"https:\/\/canalsamba.sitetopfm.com.br\/site\/wp-json\/wp\/v2\/categories?post=2418"},{"taxonomy":"post_tag","embeddable":true,"href":"https:\/\/canalsamba.sitetopfm.com.br\/site\/wp-json\/wp\/v2\/tags?post=2418"}],"curies":[{"name":"wp","href":"https:\/\/api.w.org\/{rel}","templated":true}]}}