{"id":2426,"date":"2026-04-25T20:38:03","date_gmt":"2026-04-25T23:38:03","guid":{"rendered":"https:\/\/canalsamba.sitetopfm.com.br\/site\/comissao-aprova-projeto-que-estabelece-criterios-para-identificar-deficit-habitacional-nos-municipios-noticias\/"},"modified":"2026-04-25T20:38:03","modified_gmt":"2026-04-25T23:38:03","slug":"comissao-aprova-projeto-que-estabelece-criterios-para-identificar-deficit-habitacional-nos-municipios-noticias","status":"publish","type":"post","link":"https:\/\/canalsamba.sitetopfm.com.br\/site\/comissao-aprova-projeto-que-estabelece-criterios-para-identificar-deficit-habitacional-nos-municipios-noticias\/","title":{"rendered":"Comiss\u00e3o aprova projeto que estabelece crit\u00e9rios para identificar d\u00e9ficit habitacional nos munic\u00edpios &#8211; Not\u00edcias"},"content":{"rendered":"<p> <br \/>\n<\/p>\n<div>\n<div>\n<p class=\"g-artigo__data-hora\">\n\t\t\t\t\t\t\t\t\t\t\t15\/04\/2026 &#8211; 08:39 \u00a0\n\t\t\t\t\t\t\t\t\t\t<\/p>\n<div id=\"image-container-1263263\" class=\"image-container\" style=\"float: none; margin: 45px 0px; width: 100%;\" data-midia=\"1263263\">\n<p><em>Kayo Magalh\u00e3es \/ C\u00e2mara dos Deputados<\/em><\/p>\n<p>Eli Borges \u00e9 o relator da proposta<\/p>\n<\/p><\/div>\n<p>A Comiss\u00e3o de Desenvolvimento Urbano da C\u00e2mara dos Deputados aprovou o Projeto de Lei 1531\/25, do deputado Hildo Rocha (MDB-MA), que inclui na <a class=\"linkLegislacao\" href=\"https:\/\/www2.camara.gov.br\/legin\/fed\/lei\/2023\/lei-14620-13-julho-2023-794436-norma-pl.html\">Lei do Programa Minha Casa, Minha Vida<\/a> instrumentos e crit\u00e9rios para identificar e divulgar o d\u00e9ficit habitacional nos munic\u00edpios. O objetivo da medida \u00e9 ajudar gestores p\u00fablicos a formular pol\u00edticas habitacionais mais eficazes e direcionadas.<\/p>\n<p>O relator, deputado Eli Borges (Republicanos-TO), recomendou a aprova\u00e7\u00e3o do texto. &#8220;Cria-se base t\u00e9cnica consistente para um diagn\u00f3stico mais preciso das necessidades habitacionais locais, aprimora o direcionamento de investimentos p\u00fablicos, governan\u00e7a e gest\u00e3o urbana, al\u00e9m de fortalecer a transpar\u00eancia e do controle social&#8221;, afirmou.<\/p>\n<p>Para Hildo Rocha, autor da proposta, o d\u00e9ficit habitacional \u00e9 um dos principais desafios das \u00e1reas urbanas e afeta a qualidade de vida de milh\u00f5es de pessoas. De acordo com ele, a divulga\u00e7\u00e3o desses dados pode ampliar a transpar\u00eancia da gest\u00e3o p\u00fablica e estimular a participa\u00e7\u00e3o da sociedade nas discuss\u00f5es sobre habita\u00e7\u00e3o.<\/p>\n<p>\u201cA cria\u00e7\u00e3o de um ambiente urbano que garanta moradia digna para todos \u00e9 um passo vital para a constru\u00e7\u00e3o de sociedades mais equitativas e sustent\u00e1veis\u201d, disse.<\/p>\n<p><strong>Pr\u00f3ximos passos<\/strong><br \/>A proposta ainda ser\u00e1 analisada, em <span id=\"4322\" class=\"termoGlossario\" title=\"Rito de tramita\u00e7\u00e3o pelo qual o projeto \u00e9 votado apenas pelas comiss\u00f5es designadas para analis\u00e1-lo, dispensada a delibera\u00e7\u00e3o do Plen\u00e1rio. O projeto perde o car\u00e1ter conclusivo se houver decis\u00e3o divergente entre as comiss\u00f5es ou se, independentemente de ser aprovado ou rejeitado, houver recurso assinado por 52 deputados para a aprecia\u00e7\u00e3o da mat\u00e9ria no Plen\u00e1rio.\" contenteditable=\"false\" data-toggle=\"tooltip\" data-placement=\"top\">car\u00e1ter conclusivo<\/span>, pela Comiss\u00e3o de Constitui\u00e7\u00e3o e Justi\u00e7a e de Cidadania. Para virar lei, precisa ser aprovada pela C\u00e2mara e pelo Senado.<\/p>\n<p style=\"font-size: 0.8rem; font-weight: 700;\">Reportagem \u2013 Tiago Miranda<br \/>Edi\u00e7\u00e3o \u2013 Rachel Librelon<\/p>\n<\/p><\/div>\n<\/p><\/div>\n<p><br \/>\n<br \/><a href=\"https:\/\/www.camara.leg.br\/noticias\/1263021-comissao-aprova-projeto-que-estabelece-criterios-para-identificar-deficit-habitacional-nos-municipios\/\">postagem original <\/a><\/p>\n","protected":false},"excerpt":{"rendered":"<p>15\/04\/2026 &#8211; 08:39 \u00a0 Kayo Magalh\u00e3es \/ C\u00e2mara dos Deputados Eli Borges \u00e9 o relator da proposta A Comiss\u00e3o de [&hellip;]<\/p>\n","protected":false},"author":1,"featured_media":2427,"comment_status":"open","ping_status":"open","sticky":false,"template":"","format":"standard","meta":{"site-sidebar-layout":"default","site-content-layout":"","ast-site-content-layout":"default","site-content-style":"default","site-sidebar-style":"default","ast-global-header-display":"","ast-banner-title-visibility":"","ast-main-header-display":"","ast-hfb-above-header-display":"","ast-hfb-below-header-display":"","ast-hfb-mobile-header-display":"","site-post-title":"","ast-breadcrumbs-content":"","ast-featured-img":"","footer-sml-layout":"","theme-transparent-header-meta":"","adv-header-id-meta":"","stick-header-meta":"","header-above-stick-meta":"","header-main-stick-meta":"","header-below-stick-meta":"","astra-migrate-meta-layouts":"default","ast-page-background-enabled":"default","ast-page-background-meta":{"desktop":{"background-color":"var(--ast-global-color-5)","background-image":"","background-repeat":"repeat","background-position":"center center","background-size":"auto","background-attachment":"scroll","background-type":"","background-media":"","overlay-type":"","overlay-color":"","overlay-opacity":"","overlay-gradient":""},"tablet":{"background-color":"","background-image":"","background-repeat":"repeat","background-position":"center center","background-size":"auto","background-attachment":"scroll","background-type":"","background-media":"","overlay-type":"","overlay-color":"","overlay-opacity":"","overlay-gradient":""},"mobile":{"background-color":"","background-image":"","background-repeat":"repeat","background-position":"center center","background-size":"auto","background-attachment":"scroll","background-type":"","background-media":"","overlay-type":"","overlay-color":"","overlay-opacity":"","overlay-gradient":""}},"ast-content-background-meta":{"desktop":{"background-color":"var(--ast-global-color-4)","background-image":"","background-repeat":"repeat","background-position":"center center","background-size":"auto","background-attachment":"scroll","background-type":"","background-media":"","overlay-type":"","overlay-color":"","overlay-opacity":"","overlay-gradient":""},"tablet":{"background-color":"var(--ast-global-color-4)","background-image":"","background-repeat":"repeat","background-position":"center center","background-size":"auto","background-attachment":"scroll","background-type":"","background-media":"","overlay-type":"","overlay-color":"","overlay-opacity":"","overlay-gradient":""},"mobile":{"background-color":"var(--ast-global-color-4)","background-image":"","background-repeat":"repeat","background-position":"center center","background-size":"auto","background-attachment":"scroll","background-type":"","background-media":"","overlay-type":"","overlay-color":"","overlay-opacity":"","overlay-gradient":""}},"footnotes":""},"categories":[15],"tags":[],"_links":{"self":[{"href":"https:\/\/canalsamba.sitetopfm.com.br\/site\/wp-json\/wp\/v2\/posts\/2426"}],"collection":[{"href":"https:\/\/canalsamba.sitetopfm.com.br\/site\/wp-json\/wp\/v2\/posts"}],"about":[{"href":"https:\/\/canalsamba.sitetopfm.com.br\/site\/wp-json\/wp\/v2\/types\/post"}],"author":[{"embeddable":true,"href":"https:\/\/canalsamba.sitetopfm.com.br\/site\/wp-json\/wp\/v2\/users\/1"}],"replies":[{"embeddable":true,"href":"https:\/\/canalsamba.sitetopfm.com.br\/site\/wp-json\/wp\/v2\/comments?post=2426"}],"version-history":[{"count":0,"href":"https:\/\/canalsamba.sitetopfm.com.br\/site\/wp-json\/wp\/v2\/posts\/2426\/revisions"}],"wp:featuredmedia":[{"embeddable":true,"href":"https:\/\/canalsamba.sitetopfm.com.br\/site\/wp-json\/wp\/v2\/media\/2427"}],"wp:attachment":[{"href":"https:\/\/canalsamba.sitetopfm.com.br\/site\/wp-json\/wp\/v2\/media?parent=2426"}],"wp:term":[{"taxonomy":"category","embeddable":true,"href":"https:\/\/canalsamba.sitetopfm.com.br\/site\/wp-json\/wp\/v2\/categories?post=2426"},{"taxonomy":"post_tag","embeddable":true,"href":"https:\/\/canalsamba.sitetopfm.com.br\/site\/wp-json\/wp\/v2\/tags?post=2426"}],"curies":[{"name":"wp","href":"https:\/\/api.w.org\/{rel}","templated":true}]}}