{"id":2430,"date":"2026-04-25T22:19:04","date_gmt":"2026-04-26T01:19:04","guid":{"rendered":"https:\/\/canalsamba.sitetopfm.com.br\/site\/cancelado-debate-sobre-rastreabilidade-de-agrotoxicos-e-certificacao-de-graos-noticias\/"},"modified":"2026-04-25T22:19:04","modified_gmt":"2026-04-26T01:19:04","slug":"cancelado-debate-sobre-rastreabilidade-de-agrotoxicos-e-certificacao-de-graos-noticias","status":"publish","type":"post","link":"https:\/\/canalsamba.sitetopfm.com.br\/site\/cancelado-debate-sobre-rastreabilidade-de-agrotoxicos-e-certificacao-de-graos-noticias\/","title":{"rendered":"Cancelado debate sobre rastreabilidade de agrot\u00f3xicos e certifica\u00e7\u00e3o de gr\u00e3os &#8211; Not\u00edcias"},"content":{"rendered":"<p> <br \/>\n<\/p>\n<div>\n<div>\n<p class=\"g-artigo__data-hora\">\n\t\t\t\t\t\t\t\t\t\t\t13\/04\/2026 &#8211; 13:41 \u00a0<br \/>\n\t\t\t\t\t\t\t\t\t\t\t\t<span>\u2022 \u00a0 Atualizado em 14\/04\/2026 &#8211; 17:00<\/span>\n\t\t\t\t\t\t\t\t\t\t<\/p>\n<div id=\"image-container-1262458\" class=\"image-container\" style=\"float: none; margin: 45px 0px; width: 100%;\" data-midia=\"1262458\">\n<p><em>Cl\u00e1udio Neves\/Portos do Paran\u00e1<\/em><\/p>\n<p>Portaria do Minist\u00e9rio da Agricultura regulamenta certifica\u00e7\u00e3o de gr\u00e3os<\/p>\n<\/p><\/div>\n<p data-start=\"74\" data-end=\"364\">Foi cancelado o debate na Comiss\u00e3o de Agricultura, Pecu\u00e1ria, Abastecimento e Desenvolvimento Rural da C\u00e2mara dos Deputados, previsto para esta quarta-feira (15), sobre a rastreabilidade de agrot\u00f3xicos e o credenciamento de gr\u00e3os.<\/p>\n<p data-start=\"74\" data-end=\"364\">Ainda n\u00e3o h\u00e1 nova data para realiza\u00e7\u00e3o da audi\u00eancia p\u00fablica<\/p>\n<p style=\"font-size: 0.8rem; font-weight: 700;\">Da Reda\u00e7\u00e3o &#8211; GM<\/p>\n<\/p><\/div>\n<\/p><\/div>\n<p><br \/>\n<br \/><a href=\"https:\/\/www.camara.leg.br\/noticias\/1262373-cancelado-debate-sobre-rastreabilidade-de-agrotoxicos-e-certificacao-de-graos\/\">postagem original <\/a><\/p>\n","protected":false},"excerpt":{"rendered":"<p>13\/04\/2026 &#8211; 13:41 \u00a0 \u2022 \u00a0 Atualizado em 14\/04\/2026 &#8211; 17:00 Cl\u00e1udio Neves\/Portos do Paran\u00e1 Portaria do Minist\u00e9rio da Agricultura [&hellip;]<\/p>\n","protected":false},"author":1,"featured_media":2431,"comment_status":"open","ping_status":"open","sticky":false,"template":"","format":"standard","meta":{"site-sidebar-layout":"default","site-content-layout":"","ast-site-content-layout":"default","site-content-style":"default","site-sidebar-style":"default","ast-global-header-display":"","ast-banner-title-visibility":"","ast-main-header-display":"","ast-hfb-above-header-display":"","ast-hfb-below-header-display":"","ast-hfb-mobile-header-display":"","site-post-title":"","ast-breadcrumbs-content":"","ast-featured-img":"","footer-sml-layout":"","theme-transparent-header-meta":"","adv-header-id-meta":"","stick-header-meta":"","header-above-stick-meta":"","header-main-stick-meta":"","header-below-stick-meta":"","astra-migrate-meta-layouts":"default","ast-page-background-enabled":"default","ast-page-background-meta":{"desktop":{"background-color":"var(--ast-global-color-5)","background-image":"","background-repeat":"repeat","background-position":"center center","background-size":"auto","background-attachment":"scroll","background-type":"","background-media":"","overlay-type":"","overlay-color":"","overlay-opacity":"","overlay-gradient":""},"tablet":{"background-color":"","background-image":"","background-repeat":"repeat","background-position":"center center","background-size":"auto","background-attachment":"scroll","background-type":"","background-media":"","overlay-type":"","overlay-color":"","overlay-opacity":"","overlay-gradient":""},"mobile":{"background-color":"","background-image":"","background-repeat":"repeat","background-position":"center center","background-size":"auto","background-attachment":"scroll","background-type":"","background-media":"","overlay-type":"","overlay-color":"","overlay-opacity":"","overlay-gradient":""}},"ast-content-background-meta":{"desktop":{"background-color":"var(--ast-global-color-4)","background-image":"","background-repeat":"repeat","background-position":"center center","background-size":"auto","background-attachment":"scroll","background-type":"","background-media":"","overlay-type":"","overlay-color":"","overlay-opacity":"","overlay-gradient":""},"tablet":{"background-color":"var(--ast-global-color-4)","background-image":"","background-repeat":"repeat","background-position":"center center","background-size":"auto","background-attachment":"scroll","background-type":"","background-media":"","overlay-type":"","overlay-color":"","overlay-opacity":"","overlay-gradient":""},"mobile":{"background-color":"var(--ast-global-color-4)","background-image":"","background-repeat":"repeat","background-position":"center center","background-size":"auto","background-attachment":"scroll","background-type":"","background-media":"","overlay-type":"","overlay-color":"","overlay-opacity":"","overlay-gradient":""}},"footnotes":""},"categories":[5],"tags":[],"_links":{"self":[{"href":"https:\/\/canalsamba.sitetopfm.com.br\/site\/wp-json\/wp\/v2\/posts\/2430"}],"collection":[{"href":"https:\/\/canalsamba.sitetopfm.com.br\/site\/wp-json\/wp\/v2\/posts"}],"about":[{"href":"https:\/\/canalsamba.sitetopfm.com.br\/site\/wp-json\/wp\/v2\/types\/post"}],"author":[{"embeddable":true,"href":"https:\/\/canalsamba.sitetopfm.com.br\/site\/wp-json\/wp\/v2\/users\/1"}],"replies":[{"embeddable":true,"href":"https:\/\/canalsamba.sitetopfm.com.br\/site\/wp-json\/wp\/v2\/comments?post=2430"}],"version-history":[{"count":0,"href":"https:\/\/canalsamba.sitetopfm.com.br\/site\/wp-json\/wp\/v2\/posts\/2430\/revisions"}],"wp:featuredmedia":[{"embeddable":true,"href":"https:\/\/canalsamba.sitetopfm.com.br\/site\/wp-json\/wp\/v2\/media\/2431"}],"wp:attachment":[{"href":"https:\/\/canalsamba.sitetopfm.com.br\/site\/wp-json\/wp\/v2\/media?parent=2430"}],"wp:term":[{"taxonomy":"category","embeddable":true,"href":"https:\/\/canalsamba.sitetopfm.com.br\/site\/wp-json\/wp\/v2\/categories?post=2430"},{"taxonomy":"post_tag","embeddable":true,"href":"https:\/\/canalsamba.sitetopfm.com.br\/site\/wp-json\/wp\/v2\/tags?post=2430"}],"curies":[{"name":"wp","href":"https:\/\/api.w.org\/{rel}","templated":true}]}}