{"id":2434,"date":"2026-04-26T04:01:00","date_gmt":"2026-04-26T07:01:00","guid":{"rendered":"https:\/\/canalsamba.sitetopfm.com.br\/site\/petrobras-e-postos-negam-responsabilidade-pela-alta-dos-combustiveis-noticias\/"},"modified":"2026-04-26T04:01:00","modified_gmt":"2026-04-26T07:01:00","slug":"petrobras-e-postos-negam-responsabilidade-pela-alta-dos-combustiveis-noticias","status":"publish","type":"post","link":"https:\/\/canalsamba.sitetopfm.com.br\/site\/petrobras-e-postos-negam-responsabilidade-pela-alta-dos-combustiveis-noticias\/","title":{"rendered":"Petrobras e postos negam responsabilidade pela alta dos combust\u00edveis &#8211; Not\u00edcias"},"content":{"rendered":"<p> <br \/>\n<\/p>\n<div>\n<p class=\"g-artigo__data-hora\">\n\t\t\t\t\t\t\t\t\t\t\t14\/04\/2026 &#8211; 18:47 \u00a0<br \/>\n\t\t\t\t\t\t\t\t\t\t\t\t<span>\u2022 \u00a0 Atualizado em 17\/04\/2026 &#8211; 14:09<\/span>\n\t\t\t\t\t\t\t\t\t\t<\/p>\n<div id=\"image-container-1263178\" class=\"image-container\" style=\"float: none; margin: 45px 0px; width: 100%;\" data-midia=\"1263178\">\n<p><em>Kayo Magalh\u00e3es \/ C\u00e2mara dos Deputados<\/em><\/p>\n<p>A Comiss\u00e3o de Finan\u00e7as e Tributa\u00e7\u00e3o debateu o assunto<\/p>\n<\/p><\/div>\n<p>Representantes da Petrobras e da Federa\u00e7\u00e3o Nacional do Com\u00e9rcio de Combust\u00edveis (Fecombust\u00edveis) afirmaram que n\u00e3o s\u00e3o respons\u00e1veis pelos aumentos recentes nos pre\u00e7os dos combust\u00edveis. Eles participaram de debate na Comiss\u00e3o de Finan\u00e7as e Tributa\u00e7\u00e3o da C\u00e2mara dos Deputados, nesta ter\u00e7a-feira (14), e falaram sobre o desafio de equilibrar a livre concorr\u00eancia com a prote\u00e7\u00e3o ao consumidor, em cen\u00e1rio de instabilidade econ\u00f4mica global.<\/p>\n<p>\u201cA Petrobras responde por apenas uma parcela do pre\u00e7o ao consumidor, embora quase sempre essa varia\u00e7\u00e3o seja atribu\u00edda \u00e0 empresa\u201d, disse o gerente de Previs\u00e3o de Pre\u00e7os da Petrobras, Diogo Bezerra.<\/p>\n<p>O presidente da Fecombust\u00edveis, James Thorp Neto, afirmou que o revendedor \u00e9 o elo mais fr\u00e1gil da cadeia. \u201cO posto \u00e9 apenas um reflexo da distribui\u00e7\u00e3o. Quando o custo aumenta, o pre\u00e7o tamb\u00e9m sobe na ponta\u201d, disse. A entidade representa os interesses de cerca de 40 mil postos revendedores de combust\u00edveis que atuam em todo o pa\u00eds.<\/p>\n<div id=\"image-container-img20260414145139630.jpeg\" class=\"image-container\" style=\"float: none; margin: 45px 0px; width: 100%;\" data-midia=\"{&quot;url&quot;:&quot;https:\/\/www.camara.leg.br\/internet\/bancoimagem\/banco\/2026\/04\/img20260414145139630.jpeg&quot;,&quot;titulo&quot;:&quot;Audi\u00eancia P\u00fablica - Oscila\u00e7\u00f5es e repasses nos pre\u00e7os da gasolina e do \u00f3leo diesel. Dep. Merlong Solano (PT - PI)&quot;,&quot;data&quot;:&quot;14\/04\/2026&quot;,&quot;thumbnail&quot;:&quot;https:\/\/www.camara.leg.br\/internet\/bancoimagem\/banco\/2026\/04\/img20260414145139630PEQ.jpeg&quot;,&quot;album&quot;:&quot;Comiss\u00e3o de Finan\u00e7as e Tributa\u00e7\u00e3o&quot;,&quot;autor&quot;:&quot;Kayo Magalh\u00e3es \/ C\u00e2mara dos Deputados&quot;}\">\n<p><em>Kayo Magalh\u00e3es \/ C\u00e2mara dos Deputados<\/em><\/p>\n<p>Merlong Solano: medidas emergenciais do governo funcionam at\u00e9 certo ponto<\/p>\n<\/p><\/div>\n<p><strong>Composi\u00e7\u00e3o do pre\u00e7o<\/strong><br \/>A audi\u00eancia analisou os impactos dos conflitos no Oriente M\u00e9dio, envolvendo Estados Unidos, Israel e Ir\u00e3, que desestabilizam o mercado internacional de petr\u00f3leo e afetam os pre\u00e7os da gasolina e do diesel no Brasil.<\/p>\n<p>Os representantes do setor explicaram que o pre\u00e7o final ao consumidor \u00e9 formado por v\u00e1rios fatores.<\/p>\n<p>Segundo Diogo Bezerra, a parcela da empresa na gasolina \u00e9 de R$ 1,80, dentro de um pre\u00e7o m\u00e9dio nacional de R$ 6,77 por litro. O restante do valor inclui tributos federais e estaduais, o custo da adi\u00e7\u00e3o de etanol anidro e as margens de distribui\u00e7\u00e3o e revenda.<\/p>\n<p>James Thorp Neto disse que os postos lidam com custos vari\u00e1veis, como o pre\u00e7o do etanol e os cr\u00e9ditos de descarboniza\u00e7\u00e3o.<\/p>\n<p>Dados apresentados indicam que, na \u00faltima semana de fevereiro, antes do in\u00edcio do conflito, a gasolina custava em m\u00e9dia R$ 6,28, passando para R$ 6,77 na semana passada. O \u00f3leo diesel subiu de R$ 6,09 para R$ 7,58 no mesmo per\u00edodo.<\/p>\n<p><strong>Fortalecimento da Petrobras<br \/><\/strong>Os participantes do debate defenderam mudan\u00e7as estruturais no setor. O deputado Pedro Uczai (PT-SC) e a diretora t\u00e9cnica do Instituto de Estudos Estrat\u00e9gicos de Petr\u00f3leo, G\u00e1s Natural e Biocombust\u00edveis (Ineep), Ticiana Alvares, citaram a reestatiza\u00e7\u00e3o da BR Distribuidora e o fortalecimento da Petrobras.<\/p>\n<p>Para Uczai, a privatiza\u00e7\u00e3o de ativos estrat\u00e9gicos reduziu a capacidade de atua\u00e7\u00e3o do Estado. \u201cN\u00e3o queremos resolver o problema apenas no curto prazo. Queremos colocar o pa\u00eds em uma estrat\u00e9gia para evitar novas crises\u201d, disse.<\/p>\n<p>Ticiana Alvares afirmou que, sem uma Petrobras forte e integrada, o impacto social poderia ser maior. \u201cSe a empresa atuasse apenas na explora\u00e7\u00e3o, o diesel poderia chegar a R$ 10 em todo o pa\u00eds\u201d, alertou.<\/p>\n<p>O presidente da Comiss\u00e3o de Finan\u00e7as e Tributa\u00e7\u00e3o, deputado Merlong Solano (PT-PI), destacou a gravidade do conflito internacional e citou medidas j\u00e1 adotadas pelo governo, como a redu\u00e7\u00e3o a zero do PIS\/Cofins sobre o diesel e a concess\u00e3o de subs\u00eddios para conter os pre\u00e7os.<\/p>\n<p>Ele alertou, por\u00e9m, que essas a\u00e7\u00f5es t\u00eam limite. \u201cAs medidas do governo funcionam at\u00e9 certo ponto. \u00c9 preciso avaliar o que mais ocorre no setor\u201d, concluiu, ao defender mais transpar\u00eancia e fiscaliza\u00e7\u00e3o.<\/p>\n<p style=\"font-size: 0.8rem; font-weight: 700;\">Reportagem \u2013 No\u00e9li Nobre<br \/>Edi\u00e7\u00e3o \u2013  Ge\u00f3rgia Moraes<\/p>\n<\/p><\/div>\n<p><br \/>\n<br \/><a href=\"https:\/\/www.camara.leg.br\/noticias\/1263161-petrobras-e-postos-negam-responsabilidade-pela-alta-dos-combustiveis\/\">postagem original <\/a><\/p>\n","protected":false},"excerpt":{"rendered":"<p>14\/04\/2026 &#8211; 18:47 \u00a0 \u2022 \u00a0 Atualizado em 17\/04\/2026 &#8211; 14:09 Kayo Magalh\u00e3es \/ C\u00e2mara dos Deputados A Comiss\u00e3o de [&hellip;]<\/p>\n","protected":false},"author":1,"featured_media":2435,"comment_status":"open","ping_status":"open","sticky":false,"template":"","format":"standard","meta":{"site-sidebar-layout":"default","site-content-layout":"","ast-site-content-layout":"default","site-content-style":"default","site-sidebar-style":"default","ast-global-header-display":"","ast-banner-title-visibility":"","ast-main-header-display":"","ast-hfb-above-header-display":"","ast-hfb-below-header-display":"","ast-hfb-mobile-header-display":"","site-post-title":"","ast-breadcrumbs-content":"","ast-featured-img":"","footer-sml-layout":"","theme-transparent-header-meta":"","adv-header-id-meta":"","stick-header-meta":"","header-above-stick-meta":"","header-main-stick-meta":"","header-below-stick-meta":"","astra-migrate-meta-layouts":"default","ast-page-background-enabled":"default","ast-page-background-meta":{"desktop":{"background-color":"var(--ast-global-color-5)","background-image":"","background-repeat":"repeat","background-position":"center center","background-size":"auto","background-attachment":"scroll","background-type":"","background-media":"","overlay-type":"","overlay-color":"","overlay-opacity":"","overlay-gradient":""},"tablet":{"background-color":"","background-image":"","background-repeat":"repeat","background-position":"center center","background-size":"auto","background-attachment":"scroll","background-type":"","background-media":"","overlay-type":"","overlay-color":"","overlay-opacity":"","overlay-gradient":""},"mobile":{"background-color":"","background-image":"","background-repeat":"repeat","background-position":"center center","background-size":"auto","background-attachment":"scroll","background-type":"","background-media":"","overlay-type":"","overlay-color":"","overlay-opacity":"","overlay-gradient":""}},"ast-content-background-meta":{"desktop":{"background-color":"var(--ast-global-color-4)","background-image":"","background-repeat":"repeat","background-position":"center center","background-size":"auto","background-attachment":"scroll","background-type":"","background-media":"","overlay-type":"","overlay-color":"","overlay-opacity":"","overlay-gradient":""},"tablet":{"background-color":"var(--ast-global-color-4)","background-image":"","background-repeat":"repeat","background-position":"center center","background-size":"auto","background-attachment":"scroll","background-type":"","background-media":"","overlay-type":"","overlay-color":"","overlay-opacity":"","overlay-gradient":""},"mobile":{"background-color":"var(--ast-global-color-4)","background-image":"","background-repeat":"repeat","background-position":"center center","background-size":"auto","background-attachment":"scroll","background-type":"","background-media":"","overlay-type":"","overlay-color":"","overlay-opacity":"","overlay-gradient":""}},"footnotes":""},"categories":[12],"tags":[],"_links":{"self":[{"href":"https:\/\/canalsamba.sitetopfm.com.br\/site\/wp-json\/wp\/v2\/posts\/2434"}],"collection":[{"href":"https:\/\/canalsamba.sitetopfm.com.br\/site\/wp-json\/wp\/v2\/posts"}],"about":[{"href":"https:\/\/canalsamba.sitetopfm.com.br\/site\/wp-json\/wp\/v2\/types\/post"}],"author":[{"embeddable":true,"href":"https:\/\/canalsamba.sitetopfm.com.br\/site\/wp-json\/wp\/v2\/users\/1"}],"replies":[{"embeddable":true,"href":"https:\/\/canalsamba.sitetopfm.com.br\/site\/wp-json\/wp\/v2\/comments?post=2434"}],"version-history":[{"count":0,"href":"https:\/\/canalsamba.sitetopfm.com.br\/site\/wp-json\/wp\/v2\/posts\/2434\/revisions"}],"wp:featuredmedia":[{"embeddable":true,"href":"https:\/\/canalsamba.sitetopfm.com.br\/site\/wp-json\/wp\/v2\/media\/2435"}],"wp:attachment":[{"href":"https:\/\/canalsamba.sitetopfm.com.br\/site\/wp-json\/wp\/v2\/media?parent=2434"}],"wp:term":[{"taxonomy":"category","embeddable":true,"href":"https:\/\/canalsamba.sitetopfm.com.br\/site\/wp-json\/wp\/v2\/categories?post=2434"},{"taxonomy":"post_tag","embeddable":true,"href":"https:\/\/canalsamba.sitetopfm.com.br\/site\/wp-json\/wp\/v2\/tags?post=2434"}],"curies":[{"name":"wp","href":"https:\/\/api.w.org\/{rel}","templated":true}]}}