{"id":2438,"date":"2026-04-26T10:40:06","date_gmt":"2026-04-26T13:40:06","guid":{"rendered":"https:\/\/canalsamba.sitetopfm.com.br\/site\/comissao-discute-inclusao-de-jovens-e-adultos-autistas-no-mercado-de-trabalho-noticias\/"},"modified":"2026-04-26T10:40:06","modified_gmt":"2026-04-26T13:40:06","slug":"comissao-discute-inclusao-de-jovens-e-adultos-autistas-no-mercado-de-trabalho-noticias","status":"publish","type":"post","link":"https:\/\/canalsamba.sitetopfm.com.br\/site\/comissao-discute-inclusao-de-jovens-e-adultos-autistas-no-mercado-de-trabalho-noticias\/","title":{"rendered":"Comiss\u00e3o discute inclus\u00e3o de jovens e adultos autistas no mercado de trabalho &#8211; Not\u00edcias"},"content":{"rendered":"<p> <br \/>\n<\/p>\n<div>\n<div>\n<p class=\"g-artigo__data-hora\">\n\t\t\t\t\t\t\t\t\t\t\t23\/04\/2026 &#8211; 11:31 \u00a0\n\t\t\t\t\t\t\t\t\t\t<\/p>\n<div id=\"image-container-1265387\" class=\"image-container\" style=\"float: none; margin: 45px 0px; width: 100%;\" data-midia=\"1265387\">\n<p><em>Depositphotos<\/em><\/p>\n<p>Especialistas v\u00e3o discutir como incluir pessoas com autismo no mercado de trabalho<\/p>\n<\/p><\/div>\n<p data-start=\"81\" data-end=\"369\">A comiss\u00e3o especial da C\u00e2mara dos Deputados que analisa a Pol\u00edtica Nacional para Pessoas com Autismo (<a href=\"https:\/\/www.camara.leg.br\/noticias\/1247110-projeto-cria-politica-nacional-dos-direitos-da-pessoa-com-autismo\">PL 3080\/20<\/a>) discute, na pr\u00f3xima ter\u00e7a-feira (28), a inclus\u00e3o de jovens e adultos no mercado de trabalho. O debate ser\u00e1 realizado \u00e0s 14 horas, no plen\u00e1rio 9.<\/p>\n<p data-start=\"461\" data-end=\"708\">A reuni\u00e3o foi sugerida pelo deputado Orlando Silva (PCdoB-SP). O objetivo \u00e9 discutir a inclus\u00e3o de jovens e adultos autistas, com foco na formula\u00e7\u00e3o de pol\u00edticas espec\u00edficas nas \u00e1reas de educa\u00e7\u00e3o, trabalho, assist\u00eancia e autonomia.<\/p>\n<p data-start=\"710\" data-end=\"933\">Orlando Silva destaca que a participa\u00e7\u00e3o de especialistas, entidades representativas e institui\u00e7\u00f5es de ensino \u00e9 essencial para orientar a constru\u00e7\u00e3o de diretrizes alinhadas \u00e0s necessidades do pa\u00eds.<\/p>\n<p>\u00a0<\/p>\n<p>\t\t\t\t<iframe class=\"infografico-container\" style=\"width: 100%; height: 100%;\" src=\"https:\/\/www.camara.leg.br\/internet\/agencia\/infograficos-html5\/autismo-no-brasil\/index.html\" frameborder=\"0\" data-mce-fragment=\"1\"><\/iframe><\/p>\n<p>\u00a0<\/p>\n<p style=\"font-size: 0.8rem; font-weight: 700;\">Da Reda\u00e7\u00e3o &#8211; ND<\/p>\n<\/p><\/div>\n<\/p><\/div>\n<p><br \/>\n<br \/><a href=\"https:\/\/www.camara.leg.br\/noticias\/1265356-comissao-discute-inclusao-de-jovens-e-adultos-autistas-no-mercado-de-trabalho\/\">postagem original <\/a><\/p>\n","protected":false},"excerpt":{"rendered":"<p>23\/04\/2026 &#8211; 11:31 \u00a0 Depositphotos Especialistas v\u00e3o discutir como incluir pessoas com autismo no mercado de trabalho A comiss\u00e3o especial [&hellip;]<\/p>\n","protected":false},"author":1,"featured_media":2439,"comment_status":"open","ping_status":"open","sticky":false,"template":"","format":"standard","meta":{"site-sidebar-layout":"default","site-content-layout":"","ast-site-content-layout":"default","site-content-style":"default","site-sidebar-style":"default","ast-global-header-display":"","ast-banner-title-visibility":"","ast-main-header-display":"","ast-hfb-above-header-display":"","ast-hfb-below-header-display":"","ast-hfb-mobile-header-display":"","site-post-title":"","ast-breadcrumbs-content":"","ast-featured-img":"","footer-sml-layout":"","theme-transparent-header-meta":"","adv-header-id-meta":"","stick-header-meta":"","header-above-stick-meta":"","header-main-stick-meta":"","header-below-stick-meta":"","astra-migrate-meta-layouts":"default","ast-page-background-enabled":"default","ast-page-background-meta":{"desktop":{"background-color":"var(--ast-global-color-5)","background-image":"","background-repeat":"repeat","background-position":"center center","background-size":"auto","background-attachment":"scroll","background-type":"","background-media":"","overlay-type":"","overlay-color":"","overlay-opacity":"","overlay-gradient":""},"tablet":{"background-color":"","background-image":"","background-repeat":"repeat","background-position":"center center","background-size":"auto","background-attachment":"scroll","background-type":"","background-media":"","overlay-type":"","overlay-color":"","overlay-opacity":"","overlay-gradient":""},"mobile":{"background-color":"","background-image":"","background-repeat":"repeat","background-position":"center center","background-size":"auto","background-attachment":"scroll","background-type":"","background-media":"","overlay-type":"","overlay-color":"","overlay-opacity":"","overlay-gradient":""}},"ast-content-background-meta":{"desktop":{"background-color":"var(--ast-global-color-4)","background-image":"","background-repeat":"repeat","background-position":"center center","background-size":"auto","background-attachment":"scroll","background-type":"","background-media":"","overlay-type":"","overlay-color":"","overlay-opacity":"","overlay-gradient":""},"tablet":{"background-color":"var(--ast-global-color-4)","background-image":"","background-repeat":"repeat","background-position":"center center","background-size":"auto","background-attachment":"scroll","background-type":"","background-media":"","overlay-type":"","overlay-color":"","overlay-opacity":"","overlay-gradient":""},"mobile":{"background-color":"var(--ast-global-color-4)","background-image":"","background-repeat":"repeat","background-position":"center center","background-size":"auto","background-attachment":"scroll","background-type":"","background-media":"","overlay-type":"","overlay-color":"","overlay-opacity":"","overlay-gradient":""}},"footnotes":""},"categories":[19],"tags":[],"_links":{"self":[{"href":"https:\/\/canalsamba.sitetopfm.com.br\/site\/wp-json\/wp\/v2\/posts\/2438"}],"collection":[{"href":"https:\/\/canalsamba.sitetopfm.com.br\/site\/wp-json\/wp\/v2\/posts"}],"about":[{"href":"https:\/\/canalsamba.sitetopfm.com.br\/site\/wp-json\/wp\/v2\/types\/post"}],"author":[{"embeddable":true,"href":"https:\/\/canalsamba.sitetopfm.com.br\/site\/wp-json\/wp\/v2\/users\/1"}],"replies":[{"embeddable":true,"href":"https:\/\/canalsamba.sitetopfm.com.br\/site\/wp-json\/wp\/v2\/comments?post=2438"}],"version-history":[{"count":0,"href":"https:\/\/canalsamba.sitetopfm.com.br\/site\/wp-json\/wp\/v2\/posts\/2438\/revisions"}],"wp:featuredmedia":[{"embeddable":true,"href":"https:\/\/canalsamba.sitetopfm.com.br\/site\/wp-json\/wp\/v2\/media\/2439"}],"wp:attachment":[{"href":"https:\/\/canalsamba.sitetopfm.com.br\/site\/wp-json\/wp\/v2\/media?parent=2438"}],"wp:term":[{"taxonomy":"category","embeddable":true,"href":"https:\/\/canalsamba.sitetopfm.com.br\/site\/wp-json\/wp\/v2\/categories?post=2438"},{"taxonomy":"post_tag","embeddable":true,"href":"https:\/\/canalsamba.sitetopfm.com.br\/site\/wp-json\/wp\/v2\/tags?post=2438"}],"curies":[{"name":"wp","href":"https:\/\/api.w.org\/{rel}","templated":true}]}}