{"id":2442,"date":"2026-04-26T20:22:13","date_gmt":"2026-04-26T23:22:13","guid":{"rendered":"https:\/\/canalsamba.sitetopfm.com.br\/site\/comissao-de-direitos-humanos-comemora-dia-mundial-de-conscientizacao-do-autismo-participe-noticias\/"},"modified":"2026-04-26T20:22:13","modified_gmt":"2026-04-26T23:22:13","slug":"comissao-de-direitos-humanos-comemora-dia-mundial-de-conscientizacao-do-autismo-participe-noticias","status":"publish","type":"post","link":"https:\/\/canalsamba.sitetopfm.com.br\/site\/comissao-de-direitos-humanos-comemora-dia-mundial-de-conscientizacao-do-autismo-participe-noticias\/","title":{"rendered":"Comiss\u00e3o de Direitos Humanos comemora Dia Mundial de Conscientiza\u00e7\u00e3o do Autismo; participe &#8211; Not\u00edcias"},"content":{"rendered":"<p> <br \/>\n<\/p>\n<div>\n<div>\n<p class=\"g-artigo__data-hora\">\n\t\t\t\t\t\t\t\t\t\t\t23\/04\/2026 &#8211; 10:56 \u00a0\n\t\t\t\t\t\t\t\t\t\t<\/p>\n<p>A Comiss\u00e3o de Direitos Humanos, Minorias e Igualdade Racial da C\u00e2mara dos Deputados comemora, na ter\u00e7a-feira (28), o Dia Mundial de Conscientiza\u00e7\u00e3o do Autismo.<\/p>\n<p>A audi\u00eancia p\u00fablica ser\u00e1 realizada \u00e0s 10 horas, no plen\u00e1rio 14.<\/p>\n<p>A reuni\u00e3o foi pedida pelo deputado Luiz Couto (PT-PB). O objetivo \u00e9 promover a dignidade humana, a inclus\u00e3o social e os direitos das pessoas com Transtorno do Espectro Autista (TEA).<\/p>\n<p>\u201cEm todo o mundo, o debate sobre o autismo tem avan\u00e7ado de forma significativa&#8221;, comemorou Couto. O deputado, no entanto, ressaltou algumas dificuldades enfrentadas por pessoas autistas e suas fam\u00edlias, como:<\/p>\n<ul>\n<li>barreiras no diagn\u00f3stico precoce;<\/li>\n<li>falta de atendimento especializado;<\/li>\n<li>exclus\u00e3o escolar; e<\/li>\n<li>obst\u00e1culos para entrar no mercado de trabalho.<\/li>\n<\/ul>\n<p><strong>Mudan\u00e7as atuais<\/strong><br \/>\u201cSe em outros tempos predominavam o desconhecimento, o preconceito e a invisibilidade, hoje ganha for\u00e7a uma nova compreens\u00e3o fundada na neurodiversidade, no protagonismo das pessoas autistas, na inclus\u00e3o educacional, no atendimento em sa\u00fade, na acessibilidade comunicacional, na prote\u00e7\u00e3o social e no reconhecimento de que diferen\u00e7as n\u00e3o podem servir de justificativa para exclus\u00e3o\u201d, afirmou o deputado.<\/p>\n<p>A audi\u00eancia deve reunir especialistas e representantes da sociedade civil e subsidiar a\u00e7\u00f5es legislativas sobre inclus\u00e3o e direitos das pessoas com autismo.<\/p>\n<p>\u00a0<\/p>\n<p>\t\t\t\t<iframe class=\"infografico-container\" style=\"width: 100%; height: 100%;\" src=\"https:\/\/www.camara.leg.br\/internet\/agencia\/infograficos-html5\/autismo-no-brasil\/index.html\" frameborder=\"0\" data-mce-fragment=\"1\"><\/iframe><\/p>\n<p>\u00a0<\/p>\n<p style=\"font-size: 0.8rem; font-weight: 700;\">Da Reda\u00e7\u00e3o &#8211; ND<\/p>\n<\/p><\/div>\n<\/p><\/div>\n<p><br \/>\n<br \/><a href=\"https:\/\/www.camara.leg.br\/noticias\/1265270-comissao-de-direitos-humanos-comemora-dia-mundial-de-conscientizacao-do-autismo-participe\/\">postagem original <\/a><\/p>\n","protected":false},"excerpt":{"rendered":"<p>23\/04\/2026 &#8211; 10:56 \u00a0 A Comiss\u00e3o de Direitos Humanos, Minorias e Igualdade Racial da C\u00e2mara dos Deputados comemora, na ter\u00e7a-feira [&hellip;]<\/p>\n","protected":false},"author":1,"featured_media":2443,"comment_status":"open","ping_status":"open","sticky":false,"template":"","format":"standard","meta":{"site-sidebar-layout":"default","site-content-layout":"","ast-site-content-layout":"default","site-content-style":"default","site-sidebar-style":"default","ast-global-header-display":"","ast-banner-title-visibility":"","ast-main-header-display":"","ast-hfb-above-header-display":"","ast-hfb-below-header-display":"","ast-hfb-mobile-header-display":"","site-post-title":"","ast-breadcrumbs-content":"","ast-featured-img":"","footer-sml-layout":"","theme-transparent-header-meta":"","adv-header-id-meta":"","stick-header-meta":"","header-above-stick-meta":"","header-main-stick-meta":"","header-below-stick-meta":"","astra-migrate-meta-layouts":"default","ast-page-background-enabled":"default","ast-page-background-meta":{"desktop":{"background-color":"var(--ast-global-color-5)","background-image":"","background-repeat":"repeat","background-position":"center center","background-size":"auto","background-attachment":"scroll","background-type":"","background-media":"","overlay-type":"","overlay-color":"","overlay-opacity":"","overlay-gradient":""},"tablet":{"background-color":"","background-image":"","background-repeat":"repeat","background-position":"center center","background-size":"auto","background-attachment":"scroll","background-type":"","background-media":"","overlay-type":"","overlay-color":"","overlay-opacity":"","overlay-gradient":""},"mobile":{"background-color":"","background-image":"","background-repeat":"repeat","background-position":"center center","background-size":"auto","background-attachment":"scroll","background-type":"","background-media":"","overlay-type":"","overlay-color":"","overlay-opacity":"","overlay-gradient":""}},"ast-content-background-meta":{"desktop":{"background-color":"var(--ast-global-color-4)","background-image":"","background-repeat":"repeat","background-position":"center center","background-size":"auto","background-attachment":"scroll","background-type":"","background-media":"","overlay-type":"","overlay-color":"","overlay-opacity":"","overlay-gradient":""},"tablet":{"background-color":"var(--ast-global-color-4)","background-image":"","background-repeat":"repeat","background-position":"center center","background-size":"auto","background-attachment":"scroll","background-type":"","background-media":"","overlay-type":"","overlay-color":"","overlay-opacity":"","overlay-gradient":""},"mobile":{"background-color":"var(--ast-global-color-4)","background-image":"","background-repeat":"repeat","background-position":"center center","background-size":"auto","background-attachment":"scroll","background-type":"","background-media":"","overlay-type":"","overlay-color":"","overlay-opacity":"","overlay-gradient":""}},"footnotes":""},"categories":[19],"tags":[],"_links":{"self":[{"href":"https:\/\/canalsamba.sitetopfm.com.br\/site\/wp-json\/wp\/v2\/posts\/2442"}],"collection":[{"href":"https:\/\/canalsamba.sitetopfm.com.br\/site\/wp-json\/wp\/v2\/posts"}],"about":[{"href":"https:\/\/canalsamba.sitetopfm.com.br\/site\/wp-json\/wp\/v2\/types\/post"}],"author":[{"embeddable":true,"href":"https:\/\/canalsamba.sitetopfm.com.br\/site\/wp-json\/wp\/v2\/users\/1"}],"replies":[{"embeddable":true,"href":"https:\/\/canalsamba.sitetopfm.com.br\/site\/wp-json\/wp\/v2\/comments?post=2442"}],"version-history":[{"count":0,"href":"https:\/\/canalsamba.sitetopfm.com.br\/site\/wp-json\/wp\/v2\/posts\/2442\/revisions"}],"wp:featuredmedia":[{"embeddable":true,"href":"https:\/\/canalsamba.sitetopfm.com.br\/site\/wp-json\/wp\/v2\/media\/2443"}],"wp:attachment":[{"href":"https:\/\/canalsamba.sitetopfm.com.br\/site\/wp-json\/wp\/v2\/media?parent=2442"}],"wp:term":[{"taxonomy":"category","embeddable":true,"href":"https:\/\/canalsamba.sitetopfm.com.br\/site\/wp-json\/wp\/v2\/categories?post=2442"},{"taxonomy":"post_tag","embeddable":true,"href":"https:\/\/canalsamba.sitetopfm.com.br\/site\/wp-json\/wp\/v2\/tags?post=2442"}],"curies":[{"name":"wp","href":"https:\/\/api.w.org\/{rel}","templated":true}]}}